{"id":28562,"date":"2019-05-31T09:08:07","date_gmt":"2019-05-31T12:08:07","guid":{"rendered":"https:\/\/www.masrojo.com.ar\/home\/?p=28562"},"modified":"2019-06-04T08:53:57","modified_gmt":"2019-06-04T11:53:57","slug":"matias-rojas-en-el-radar-del-rojo","status":"publish","type":"post","link":"https:\/\/www.masrojo.com.ar\/home\/2019\/05\/31\/matias-rojas-en-el-radar-del-rojo\/","title":{"rendered":"Mat\u00edas Rojas, en el radar del Rojo"},"content":{"rendered":"<p style=\"text-align: justify;\"><em>Mat\u00edas Rojas tiene todo acordado para convertirse en el primer refuerzo de Racing de cara a la pr\u00f3xima temporada. La Academia tiene cerrado de palabra la compra del 80% del pase del volante de la Selecci\u00f3n de Paraguay, que firmar\u00eda por 4 a\u00f1os.<\/em><\/p>\n<p style=\"text-align: justify;\"><em>Sin embargo, surgi\u00f3 un peque\u00f1o inconveniente tras la salida de\u00a0Sebasti\u00e1n Beccacece\u00a0del Halc\u00f3n y la de\u00a0Ariel Holan\u00a0de Independiente, ya que el primero es uno de los candidatos a asumir en el Rojo y lo pretender\u00eda.<\/em><\/p>\n<p style=\"text-align: justify;\"><em>Diego Lemme, presidente del conjunto de Florencio Varela, habl\u00f3 de la situaci\u00f3n del mediocampista.\u00a0\u00abEst\u00e1 muy avanzado lo de Racing por \u00e9l.\u00a0<b>De Independiente no tengo nada por el momento\u00bb<\/b><b>,<\/b>\u00a0declar\u00f3 en una entrevista con Radio Continental.<b>\u00a0\u00abEn caso de que se cierre lo de Beccacece a Independiente, se ver\u00e1. Con Racing nos pusimos de acuerdo en los valores pero no en las formas\u00bb<\/b>, agreg\u00f3<\/em><\/p>\n","protected":false},"excerpt":{"rendered":"<div class=\"mh-excerpt\"><p>Mat\u00edas Rojas tiene todo acordado para convertirse en el primer refuerzo de Racing de cara a la pr\u00f3xima temporada. La Academia tiene cerrado de palabra la compra del 80% del pase del volante de la <a class=\"mh-excerpt-more\" href=\"https:\/\/www.masrojo.com.ar\/home\/2019\/05\/31\/matias-rojas-en-el-radar-del-rojo\/\" title=\"Mat\u00edas Rojas, en el radar del Rojo\">[&#8230;]<\/a><\/p>\n<\/div>","protected":false},"author":6,"featured_media":0,"comment_status":"closed","ping_status":"closed","sticky":false,"template":"","format":"image","meta":{"_jetpack_memberships_contains_paid_content":false,"footnotes":"","jetpack_publicize_message":"","jetpack_publicize_feature_enabled":true,"jetpack_social_post_already_shared":true,"jetpack_social_options":{"image_generator_settings":{"template":"highway","enabled":false},"version":2}},"categories":[4],"tags":[695],"class_list":{"0":"post-28562","1":"post","2":"type-post","3":"status-publish","4":"format-image","6":"category-actualidad","7":"tag-rojas","8":"post_format-post-format-image"},"jetpack_publicize_connections":[],"jetpack_sharing_enabled":true,"jetpack_featured_media_url":"","jetpack_shortlink":"https:\/\/wp.me\/p90W9F-7qG","_links":{"self":[{"href":"https:\/\/www.masrojo.com.ar\/home\/wp-json\/wp\/v2\/posts\/28562"}],"collection":[{"href":"https:\/\/www.masrojo.com.ar\/home\/wp-json\/wp\/v2\/posts"}],"about":[{"href":"https:\/\/www.masrojo.com.ar\/home\/wp-json\/wp\/v2\/types\/post"}],"author":[{"embeddable":true,"href":"https:\/\/www.masrojo.com.ar\/home\/wp-json\/wp\/v2\/users\/6"}],"replies":[{"embeddable":true,"href":"https:\/\/www.masrojo.com.ar\/home\/wp-json\/wp\/v2\/comments?post=28562"}],"version-history":[{"count":0,"href":"https:\/\/www.masrojo.com.ar\/home\/wp-json\/wp\/v2\/posts\/28562\/revisions"}],"wp:attachment":[{"href":"https:\/\/www.masrojo.com.ar\/home\/wp-json\/wp\/v2\/media?parent=28562"}],"wp:term":[{"taxonomy":"category","embeddable":true,"href":"https:\/\/www.masrojo.com.ar\/home\/wp-json\/wp\/v2\/categories?post=28562"},{"taxonomy":"post_tag","embeddable":true,"href":"https:\/\/www.masrojo.com.ar\/home\/wp-json\/wp\/v2\/tags?post=28562"}],"curies":[{"name":"wp","href":"https:\/\/api.w.org\/{rel}","templated":true}]}}