{"id":29107,"date":"2019-06-20T22:28:00","date_gmt":"2019-06-21T01:28:00","guid":{"rendered":"https:\/\/www.masrojo.com.ar\/home\/?p=29107"},"modified":"2019-06-21T08:33:25","modified_gmt":"2019-06-21T11:33:25","slug":"estoy-ansioso-quiero-firmar-ya","status":"publish","type":"post","link":"https:\/\/www.masrojo.com.ar\/home\/2019\/06\/20\/estoy-ansioso-quiero-firmar-ya\/","title":{"rendered":"\u00abEstoy ansioso, quiero firmar ya\u00bb"},"content":{"rendered":"<p class=\"capital\" style=\"text-align: justify;\">Juan Manuel S\u00e1nchez Mi\u00f1o avis\u00f3 hoy en rueda de prensa que tiene todo listo para continuar en Independiente. El jugador surgido de las inferiores de Boca tiene contrato con el Rojo hasta fin de mes, pero acordar\u00e1 un nuevo v\u00ednculo.<\/p>\n<div style=\"width: 640px;\" class=\"wp-video\"><!--[if lt IE 9]><script>document.createElement('video');<\/script><![endif]-->\n<video class=\"wp-video-shortcode\" id=\"video-29107-1\" width=\"640\" height=\"360\" preload=\"metadata\" controls=\"controls\"><source type=\"video\/mp4\" src=\"https:\/\/www.masrojo.com.ar\/home\/wp-content\/uploads\/WhatsApp-Audio-2019-06-20-at-14.20.37.mp4?_=1\" \/><a href=\"https:\/\/www.masrojo.com.ar\/home\/wp-content\/uploads\/WhatsApp-Audio-2019-06-20-at-14.20.37.mp4\">https:\/\/www.masrojo.com.ar\/home\/wp-content\/uploads\/WhatsApp-Audio-2019-06-20-at-14.20.37.mp4<\/a><\/video><\/div>\n<div class=\"teads-inread teads-display sm-screen teads-display-format\">\n<div class=\"teads-ui-components-adchoices\"><\/div>\n<div class=\"teads-ui-components-label\" style=\"text-align: justify;\">\u00ab<i>Estoy ansioso, quiero firmar ya. Estoy muy contento en el club e ilusionado con el nuevo proceso. Est\u00e1 todo acordado de palabra y solo queda la firma, que en los pr\u00f3ximos d\u00edas se dar\u00e1<\/i>\u00ab, afirm\u00f3.<\/div>\n<\/div>\n<p style=\"text-align: justify;\">Luego se refiri\u00f3 a\u00a0Sebasti\u00e1n Beccacece, el flamante DT: \u00ab<i>Tiene obsesi\u00f3n porque mejoremos d\u00eda a d\u00eda para poner a Independiente en lo m\u00e1s alto<\/i>\u00ab.<\/p>\n","protected":false},"excerpt":{"rendered":"<div class=\"mh-excerpt\"><p>Juan Manuel S\u00e1nchez Mi\u00f1o avis\u00f3 hoy en rueda de prensa que tiene todo listo para continuar en Independiente. El jugador surgido de las inferiores de Boca tiene contrato con el Rojo hasta fin de mes, <a class=\"mh-excerpt-more\" href=\"https:\/\/www.masrojo.com.ar\/home\/2019\/06\/20\/estoy-ansioso-quiero-firmar-ya\/\" title=\"\u00abEstoy ansioso, quiero firmar ya\u00bb\">[&#8230;]<\/a><\/p>\n<\/div>","protected":false},"author":6,"featured_media":0,"comment_status":"closed","ping_status":"closed","sticky":false,"template":"","format":"audio","meta":{"_jetpack_memberships_contains_paid_content":false,"footnotes":"","jetpack_publicize_message":"","jetpack_publicize_feature_enabled":true,"jetpack_social_post_already_shared":true,"jetpack_social_options":{"image_generator_settings":{"template":"highway","enabled":false},"version":2}},"categories":[4],"tags":[80],"class_list":{"0":"post-29107","1":"post","2":"type-post","3":"status-publish","4":"format-audio","6":"category-actualidad","7":"tag-sanchez-mino","8":"post_format-post-format-audio"},"jetpack_publicize_connections":[],"jetpack_sharing_enabled":true,"jetpack_featured_media_url":"","jetpack_shortlink":"https:\/\/wp.me\/p90W9F-7zt","_links":{"self":[{"href":"https:\/\/www.masrojo.com.ar\/home\/wp-json\/wp\/v2\/posts\/29107"}],"collection":[{"href":"https:\/\/www.masrojo.com.ar\/home\/wp-json\/wp\/v2\/posts"}],"about":[{"href":"https:\/\/www.masrojo.com.ar\/home\/wp-json\/wp\/v2\/types\/post"}],"author":[{"embeddable":true,"href":"https:\/\/www.masrojo.com.ar\/home\/wp-json\/wp\/v2\/users\/6"}],"replies":[{"embeddable":true,"href":"https:\/\/www.masrojo.com.ar\/home\/wp-json\/wp\/v2\/comments?post=29107"}],"version-history":[{"count":0,"href":"https:\/\/www.masrojo.com.ar\/home\/wp-json\/wp\/v2\/posts\/29107\/revisions"}],"wp:attachment":[{"href":"https:\/\/www.masrojo.com.ar\/home\/wp-json\/wp\/v2\/media?parent=29107"}],"wp:term":[{"taxonomy":"category","embeddable":true,"href":"https:\/\/www.masrojo.com.ar\/home\/wp-json\/wp\/v2\/categories?post=29107"},{"taxonomy":"post_tag","embeddable":true,"href":"https:\/\/www.masrojo.com.ar\/home\/wp-json\/wp\/v2\/tags?post=29107"}],"curies":[{"name":"wp","href":"https:\/\/api.w.org\/{rel}","templated":true}]}}