{"id":29174,"date":"2019-06-21T20:05:32","date_gmt":"2019-06-21T23:05:32","guid":{"rendered":"https:\/\/www.masrojo.com.ar\/home\/?p=29174"},"modified":"2019-06-26T08:54:47","modified_gmt":"2019-06-26T11:54:47","slug":"quinto-dia-a-doble-turno","status":"publish","type":"post","link":"https:\/\/www.masrojo.com.ar\/home\/2019\/06\/21\/quinto-dia-a-doble-turno\/","title":{"rendered":"QUINTO D\u00cdA A DOBLE TURNO"},"content":{"rendered":"<p>&#x1f534; Entrenamiento en Villa Dom\u00ednico<\/p>\n<p>&#x23f0; Primer turno<br \/>\n&#x26bd; Circuitos de pase y generaci\u00f3n de espacios.<br \/>\nMovimientos de coordinaci\u00f3n t\u00e1ctica.<br \/>\nPresi\u00f3n alta.<br \/>\nDefinici\u00f3n.<\/p>\n<p>&#x23f0; Segundo turno<br \/>\n&#x26bd; Control y pase.<br \/>\n&#x1f3c3;&#x1f3fb;&#x200d;&#x2642; Trabajos f\u00edsicos.<\/p>\n<p>&#x1f3e8; El plantel queda concentrado en el hotel Scala y volver\u00e1 a entrenarse ma\u00f1ana por la ma\u00f1ana en Villa Dom\u00ednico, a puertas cerradas.<\/p>\n<p>&#x1f4cc; Diferenciados<br \/>\nNicol\u00e1s Figal est\u00e1 realizando un plan de trabajo espec\u00edfico de reacondicionamiento.<br \/>\nGast\u00f3n Togni, contin\u00faa su rehabilitaci\u00f3n deportiva.<\/p>\n<p>&#x1f5d3; Futbolistas de Reserva que realizar\u00e1n la pretemporada en Ezeiza con el plantel profesional a partir del lunes 24\/6:<\/p>\n<p>Defensores<br \/>\n-Facundo Lando<br \/>\n-Walter Perea<br \/>\n-Mauro Zurita<br \/>\n-Tom\u00e1s Ortega<\/p>\n<p>Volantes<br \/>\n-Fernando Ch\u00e1vez<br \/>\n-Lucas Gonz\u00e1lez<br \/>\n-Ezequiel Denis<br \/>\n-Alan So\u00f1ora<br \/>\n-Ignacio Medina<\/p>\n<p>Delanteros<br \/>\n-Brian Mart\u00ednez<br \/>\n-Emanuel Mercado<\/p>\n","protected":false},"excerpt":{"rendered":"<div class=\"mh-excerpt\"><p>&#x1f534; Entrenamiento en Villa Dom\u00ednico &#x23f0; Primer turno &#x26bd; Circuitos de pase y generaci\u00f3n de espacios. Movimientos de coordinaci\u00f3n t\u00e1ctica. Presi\u00f3n alta. Definici\u00f3n. &#x23f0; Segundo turno &#x26bd; Control y pase. &#x1f3c3;&#x1f3fb;&#x200d;&#x2642; Trabajos f\u00edsicos. &#x1f3e8; El <a class=\"mh-excerpt-more\" href=\"https:\/\/www.masrojo.com.ar\/home\/2019\/06\/21\/quinto-dia-a-doble-turno\/\" title=\"QUINTO D\u00cdA A DOBLE TURNO\">[&#8230;]<\/a><\/p>\n<\/div>","protected":false},"author":6,"featured_media":0,"comment_status":"closed","ping_status":"closed","sticky":false,"template":"","format":"image","meta":{"_jetpack_memberships_contains_paid_content":false,"footnotes":"","jetpack_publicize_message":"","jetpack_publicize_feature_enabled":true,"jetpack_social_post_already_shared":true,"jetpack_social_options":{"image_generator_settings":{"template":"highway","enabled":false},"version":2}},"categories":[4],"tags":[201],"class_list":{"0":"post-29174","1":"post","2":"type-post","3":"status-publish","4":"format-image","6":"category-actualidad","7":"tag-pretemporada","8":"post_format-post-format-image"},"jetpack_publicize_connections":[],"jetpack_sharing_enabled":true,"jetpack_featured_media_url":"","jetpack_shortlink":"https:\/\/wp.me\/p90W9F-7Ay","_links":{"self":[{"href":"https:\/\/www.masrojo.com.ar\/home\/wp-json\/wp\/v2\/posts\/29174"}],"collection":[{"href":"https:\/\/www.masrojo.com.ar\/home\/wp-json\/wp\/v2\/posts"}],"about":[{"href":"https:\/\/www.masrojo.com.ar\/home\/wp-json\/wp\/v2\/types\/post"}],"author":[{"embeddable":true,"href":"https:\/\/www.masrojo.com.ar\/home\/wp-json\/wp\/v2\/users\/6"}],"replies":[{"embeddable":true,"href":"https:\/\/www.masrojo.com.ar\/home\/wp-json\/wp\/v2\/comments?post=29174"}],"version-history":[{"count":0,"href":"https:\/\/www.masrojo.com.ar\/home\/wp-json\/wp\/v2\/posts\/29174\/revisions"}],"wp:attachment":[{"href":"https:\/\/www.masrojo.com.ar\/home\/wp-json\/wp\/v2\/media?parent=29174"}],"wp:term":[{"taxonomy":"category","embeddable":true,"href":"https:\/\/www.masrojo.com.ar\/home\/wp-json\/wp\/v2\/categories?post=29174"},{"taxonomy":"post_tag","embeddable":true,"href":"https:\/\/www.masrojo.com.ar\/home\/wp-json\/wp\/v2\/tags?post=29174"}],"curies":[{"name":"wp","href":"https:\/\/api.w.org\/{rel}","templated":true}]}}