{"id":29176,"date":"2019-06-21T20:01:45","date_gmt":"2019-06-21T23:01:45","guid":{"rendered":"https:\/\/www.masrojo.com.ar\/home\/?p=29176"},"modified":"2019-06-26T08:54:53","modified_gmt":"2019-06-26T11:54:53","slug":"se-acerca-miguel-torren","status":"publish","type":"post","link":"https:\/\/www.masrojo.com.ar\/home\/2019\/06\/21\/se-acerca-miguel-torren\/","title":{"rendered":"Se acerca Miguel Torr\u00e9n"},"content":{"rendered":"<p style=\"text-align: justify;\">El central, de 30 a\u00f1os, tiene una temporada m\u00e1s de contrato en el Bicho, donde lleva la cinta de capit\u00e1n, aunque por el momento no hubo charlas por parte de la dirigencia del Rojo, que todav\u00eda no pudo abrochar a su primer refuerzo.<\/p>\n<p style=\"text-align: justify;\">Beccacece ya habl\u00f3 con \u00e9l y lo piensa como una alternativa para la Superliga, una de sus prioridades, ya que el ex Newell&#8217;s no puede jugar la\u00a0Copa Sudamericana\u00a0y planea utilizar a Jorge Figal como posible lateral por derecha.<\/p>\n<p style=\"text-align: justify;\">Miguel Torr\u00e9n est\u00e1 a un paso de convertirse en nuevo jugador del Rojo. La compra ser\u00eda por el 50% del pase con un valor de 500 mil d\u00f3lares.<\/p>\n","protected":false},"excerpt":{"rendered":"<div class=\"mh-excerpt\"><p>El central, de 30 a\u00f1os, tiene una temporada m\u00e1s de contrato en el Bicho, donde lleva la cinta de capit\u00e1n, aunque por el momento no hubo charlas por parte de la dirigencia del Rojo, que <a class=\"mh-excerpt-more\" href=\"https:\/\/www.masrojo.com.ar\/home\/2019\/06\/21\/se-acerca-miguel-torren\/\" title=\"Se acerca Miguel Torr\u00e9n\">[&#8230;]<\/a><\/p>\n<\/div>","protected":false},"author":6,"featured_media":0,"comment_status":"closed","ping_status":"closed","sticky":false,"template":"","format":"image","meta":{"_jetpack_memberships_contains_paid_content":false,"footnotes":"","jetpack_publicize_message":"","jetpack_publicize_feature_enabled":true,"jetpack_social_post_already_shared":true,"jetpack_social_options":{"image_generator_settings":{"template":"highway","enabled":false},"version":2}},"categories":[4],"tags":[19],"class_list":{"0":"post-29176","1":"post","2":"type-post","3":"status-publish","4":"format-image","6":"category-actualidad","7":"tag-mercado-de-pases","8":"post_format-post-format-image"},"jetpack_publicize_connections":[],"jetpack_sharing_enabled":true,"jetpack_featured_media_url":"","jetpack_shortlink":"https:\/\/wp.me\/p90W9F-7AA","_links":{"self":[{"href":"https:\/\/www.masrojo.com.ar\/home\/wp-json\/wp\/v2\/posts\/29176"}],"collection":[{"href":"https:\/\/www.masrojo.com.ar\/home\/wp-json\/wp\/v2\/posts"}],"about":[{"href":"https:\/\/www.masrojo.com.ar\/home\/wp-json\/wp\/v2\/types\/post"}],"author":[{"embeddable":true,"href":"https:\/\/www.masrojo.com.ar\/home\/wp-json\/wp\/v2\/users\/6"}],"replies":[{"embeddable":true,"href":"https:\/\/www.masrojo.com.ar\/home\/wp-json\/wp\/v2\/comments?post=29176"}],"version-history":[{"count":0,"href":"https:\/\/www.masrojo.com.ar\/home\/wp-json\/wp\/v2\/posts\/29176\/revisions"}],"wp:attachment":[{"href":"https:\/\/www.masrojo.com.ar\/home\/wp-json\/wp\/v2\/media?parent=29176"}],"wp:term":[{"taxonomy":"category","embeddable":true,"href":"https:\/\/www.masrojo.com.ar\/home\/wp-json\/wp\/v2\/categories?post=29176"},{"taxonomy":"post_tag","embeddable":true,"href":"https:\/\/www.masrojo.com.ar\/home\/wp-json\/wp\/v2\/tags?post=29176"}],"curies":[{"name":"wp","href":"https:\/\/api.w.org\/{rel}","templated":true}]}}