{"id":29191,"date":"2019-06-23T09:29:55","date_gmt":"2019-06-23T12:29:55","guid":{"rendered":"https:\/\/www.masrojo.com.ar\/home\/?p=29191"},"modified":"2019-06-26T08:54:40","modified_gmt":"2019-06-26T11:54:40","slug":"entrenamiento-en-dominico-3","status":"publish","type":"post","link":"https:\/\/www.masrojo.com.ar\/home\/2019\/06\/23\/entrenamiento-en-dominico-3\/","title":{"rendered":"Entrenamiento en Dom\u00ednico"},"content":{"rendered":"<div id=\"tps_slideContainer_31270\" class=\"theiaPostSlider_slides\">\n<div class=\"theiaPostSlider_preloadedSlide\">\n<h4>A la espera del cierre de las negociaciones para que lleguen los refuerzos, el equipo contin\u00faa con la previa de la pretemporada en Villa Dom\u00ednico.<\/h4>\n<p>El entrenamiento de hoy, estuvo enfocado principalmente en<strong>rutinas de gimnasio, trabajos f\u00edsicos y, por \u00faltimo, trabajos con pelota<\/strong>:\u00a0<em>ejercicios de control y precisi\u00f3n en distintos sectores del campo, circulaci\u00f3n movilidad y b\u00fasqueda de espacios, recuperaci\u00f3n en campo rival y movimientos en espacios reducidos.<\/em><\/p>\n<p>Las\u00a0<strong><em>buenas noticias<\/em><\/strong>\u00a0son que tanto\u00a0<strong>Nicolas Figal como Carlos Benav\u00eddez<\/strong>, ya se encuentran dados de alta y entrenaron a la par de sus compa\u00f1eros.<\/p>\n<p><strong>Gast\u00f3n Togni,<\/strong>\u00a0contin\u00faa su rehabilitaci\u00f3n entrenando de manera diferenciada.<\/p>\n<p>Ma\u00f1ana el plantel tendr\u00e1 un d\u00eda de descanso,\u00a0<em>y a partir de la semana que viene<\/em>,\u00a0<strong>comenzar\u00e1 la etapa principal de la pretemporada<\/strong>: quedar\u00e1n concentrados hasta el s\u00e1bado al mediod\u00eda.\u00a0<strong>El Mi\u00e9rcoles y el Viernes, ser\u00e1n los entrenamientos a puertas abiertas y con atenci\u00f3n a la prensa<\/strong>; los restantes, ser\u00e1n a puertas cerradas.<\/p>\n<\/div>\n<\/div>\n<div class=\"theiaPostSlider_footer _footer\"><\/div>\n<div class=\"fb-comments fb_iframe_widget fb_iframe_widget_fluid_desktop\" data-href=\"https:\/\/lavozdeldiablo.com\/independiente\/31270-entrenamiento-en-dominico-15.html\" data-numposts=\"10\" data-colorscheme=\"light\" data-order-by=\"social\" data-mobile=\"true\"><\/div>\n","protected":false},"excerpt":{"rendered":"<div class=\"mh-excerpt\"><p>A la espera del cierre de las negociaciones para que lleguen los refuerzos, el equipo contin\u00faa con la previa de la pretemporada en Villa Dom\u00ednico. El entrenamiento de hoy, estuvo enfocado principalmente enrutinas de gimnasio, <a class=\"mh-excerpt-more\" href=\"https:\/\/www.masrojo.com.ar\/home\/2019\/06\/23\/entrenamiento-en-dominico-3\/\" title=\"Entrenamiento en Dom\u00ednico\">[&#8230;]<\/a><\/p>\n<\/div>","protected":false},"author":2,"featured_media":0,"comment_status":"closed","ping_status":"closed","sticky":false,"template":"","format":"image","meta":{"_jetpack_memberships_contains_paid_content":false,"footnotes":"","jetpack_publicize_message":"","jetpack_publicize_feature_enabled":true,"jetpack_social_post_already_shared":true,"jetpack_social_options":{"image_generator_settings":{"template":"highway","enabled":false},"version":2}},"categories":[4],"tags":[201],"class_list":{"0":"post-29191","1":"post","2":"type-post","3":"status-publish","4":"format-image","6":"category-actualidad","7":"tag-pretemporada","8":"post_format-post-format-image"},"jetpack_publicize_connections":[],"jetpack_sharing_enabled":true,"jetpack_featured_media_url":"","jetpack_shortlink":"https:\/\/wp.me\/p90W9F-7AP","_links":{"self":[{"href":"https:\/\/www.masrojo.com.ar\/home\/wp-json\/wp\/v2\/posts\/29191"}],"collection":[{"href":"https:\/\/www.masrojo.com.ar\/home\/wp-json\/wp\/v2\/posts"}],"about":[{"href":"https:\/\/www.masrojo.com.ar\/home\/wp-json\/wp\/v2\/types\/post"}],"author":[{"embeddable":true,"href":"https:\/\/www.masrojo.com.ar\/home\/wp-json\/wp\/v2\/users\/2"}],"replies":[{"embeddable":true,"href":"https:\/\/www.masrojo.com.ar\/home\/wp-json\/wp\/v2\/comments?post=29191"}],"version-history":[{"count":0,"href":"https:\/\/www.masrojo.com.ar\/home\/wp-json\/wp\/v2\/posts\/29191\/revisions"}],"wp:attachment":[{"href":"https:\/\/www.masrojo.com.ar\/home\/wp-json\/wp\/v2\/media?parent=29191"}],"wp:term":[{"taxonomy":"category","embeddable":true,"href":"https:\/\/www.masrojo.com.ar\/home\/wp-json\/wp\/v2\/categories?post=29191"},{"taxonomy":"post_tag","embeddable":true,"href":"https:\/\/www.masrojo.com.ar\/home\/wp-json\/wp\/v2\/tags?post=29191"}],"curies":[{"name":"wp","href":"https:\/\/api.w.org\/{rel}","templated":true}]}}