{"id":29776,"date":"2019-07-13T11:31:08","date_gmt":"2019-07-13T14:31:08","guid":{"rendered":"https:\/\/www.masrojo.com.ar\/home\/?p=29776"},"modified":"2019-07-13T11:31:08","modified_gmt":"2019-07-13T14:31:08","slug":"andres-roa-firmo-su-contrato","status":"publish","type":"post","link":"https:\/\/www.masrojo.com.ar\/home\/2019\/07\/13\/andres-roa-firmo-su-contrato\/","title":{"rendered":"Andr\u00e9s Roa firm\u00f3 su contrato"},"content":{"rendered":"<p>El colombiano de 26 a\u00f1os, que jug\u00f3 la temporada pasada en Hurac\u00e1n, le cost\u00f3 a Independiente 2,5 millones de d\u00f3lares brutos por el 80 por ciento del pase, que le correspond\u00eda a Deportivo Cali. El contrato es por tres a\u00f1os.<\/p>\n<p>&nbsp;<\/p>\n<p>\u00abSiempre tuve el deseo y las ganas de estar ac\u00e1. Se demor\u00f3 un poco y estaba ansioso por que se definiera todo, pero siempre me dieron la tranquilidad de que se iba a dar y estuve tranquilo, aunque quer\u00eda ya estar con el grupo\u00bb, dijo Roa tras hacerse la revisi\u00f3n m\u00e9dica.<\/p>\n<blockquote class=\"twitter-tweet\" data-lang=\"es\">\n<p dir=\"ltr\" lang=\"es\">&#x1f91d; Acuerdo entre Deportivo Cali e <a href=\"https:\/\/twitter.com\/Independiente?ref_src=twsrc%5Etfw\">@Independiente<\/a> por el pr\u00e9stamo del volante Canterano <a href=\"https:\/\/twitter.com\/r10andres_?ref_src=twsrc%5Etfw\">@r10andres_<\/a>.<\/p>\n<p>\u00a1\u00c9xitos, Andr\u00e9s!<a href=\"https:\/\/t.co\/oaOwKTcFQX\">https:\/\/t.co\/oaOwKTcFQX<\/a><a href=\"https:\/\/twitter.com\/hashtag\/JuntoAlCaliPorSiempre?src=hash&amp;ref_src=twsrc%5Etfw\">#JuntoAlCaliPorSiempre<\/a> &#x1f49a;&#x1f49a;&#x1f49a; <a href=\"https:\/\/t.co\/2uz4cFkYfs\">pic.twitter.com\/2uz4cFkYfs<\/a><\/p>\n<p>\u2014 Deportivo Cali (@AsoDeporCali) <a href=\"https:\/\/twitter.com\/AsoDeporCali\/status\/1149805963920191490?ref_src=twsrc%5Etfw\">12 de julio de 2019<\/a><\/p><\/blockquote>\n<p><script async src=\"https:\/\/platform.twitter.com\/widgets.js\" charset=\"utf-8\"><\/script><\/p>\n","protected":false},"excerpt":{"rendered":"<div class=\"mh-excerpt\"><p>El colombiano de 26 a\u00f1os, que jug\u00f3 la temporada pasada en Hurac\u00e1n, le cost\u00f3 a Independiente 2,5 millones de d\u00f3lares brutos por el 80 por ciento del pase, que le correspond\u00eda a Deportivo Cali. El <a class=\"mh-excerpt-more\" href=\"https:\/\/www.masrojo.com.ar\/home\/2019\/07\/13\/andres-roa-firmo-su-contrato\/\" title=\"Andr\u00e9s Roa firm\u00f3 su contrato\">[&#8230;]<\/a><\/p>\n<\/div>","protected":false},"author":6,"featured_media":0,"comment_status":"closed","ping_status":"closed","sticky":false,"template":"","format":"image","meta":{"_jetpack_memberships_contains_paid_content":false,"footnotes":"","jetpack_publicize_message":"","jetpack_publicize_feature_enabled":true,"jetpack_social_post_already_shared":true,"jetpack_social_options":{"image_generator_settings":{"template":"highway","enabled":false},"version":2}},"categories":[4],"tags":[],"class_list":{"0":"post-29776","1":"post","2":"type-post","3":"status-publish","4":"format-image","6":"category-actualidad","7":"post_format-post-format-image"},"jetpack_publicize_connections":[],"jetpack_sharing_enabled":true,"jetpack_featured_media_url":"","jetpack_shortlink":"https:\/\/wp.me\/p90W9F-7Kg","_links":{"self":[{"href":"https:\/\/www.masrojo.com.ar\/home\/wp-json\/wp\/v2\/posts\/29776"}],"collection":[{"href":"https:\/\/www.masrojo.com.ar\/home\/wp-json\/wp\/v2\/posts"}],"about":[{"href":"https:\/\/www.masrojo.com.ar\/home\/wp-json\/wp\/v2\/types\/post"}],"author":[{"embeddable":true,"href":"https:\/\/www.masrojo.com.ar\/home\/wp-json\/wp\/v2\/users\/6"}],"replies":[{"embeddable":true,"href":"https:\/\/www.masrojo.com.ar\/home\/wp-json\/wp\/v2\/comments?post=29776"}],"version-history":[{"count":0,"href":"https:\/\/www.masrojo.com.ar\/home\/wp-json\/wp\/v2\/posts\/29776\/revisions"}],"wp:attachment":[{"href":"https:\/\/www.masrojo.com.ar\/home\/wp-json\/wp\/v2\/media?parent=29776"}],"wp:term":[{"taxonomy":"category","embeddable":true,"href":"https:\/\/www.masrojo.com.ar\/home\/wp-json\/wp\/v2\/categories?post=29776"},{"taxonomy":"post_tag","embeddable":true,"href":"https:\/\/www.masrojo.com.ar\/home\/wp-json\/wp\/v2\/tags?post=29776"}],"curies":[{"name":"wp","href":"https:\/\/api.w.org\/{rel}","templated":true}]}}