{"id":29930,"date":"2019-07-17T06:01:02","date_gmt":"2019-07-17T09:01:02","guid":{"rendered":"https:\/\/www.masrojo.com.ar\/home\/?p=29930"},"modified":"2019-07-17T06:01:02","modified_gmt":"2019-07-17T09:01:02","slug":"roa-quiero-lograr-cosas-importantes","status":"publish","type":"post","link":"https:\/\/www.masrojo.com.ar\/home\/2019\/07\/17\/roa-quiero-lograr-cosas-importantes\/","title":{"rendered":"Roa: \u00abQuiero lograr cosas importantes\u00bb"},"content":{"rendered":"<p>El mediocampista colombiano Andr\u00e9s Roa, flamante refuerzo de Independiente, asegur\u00f3 hoy que pretende \u00abdejar una huella y lograr cosas importantes\u00bb en su nuevo club.<\/p>\n<p>El ex Hurac\u00e1n se present\u00f3 como nuevo jugador del \u00abrojo\u00bb en una rueda de prensa luego del entrenamiento matutino en el predio de Villa Dom\u00ednico y dio sus impresiones luego de los primeros d\u00edas junto al plantel dirigido por Sebasti\u00e1n Beccacece.<\/p>\n<p>\u00abEncontr\u00e9 un grupo de muy buenas personas y compa\u00f1eros. Han hecho todo para que me sienta muy bien\u00bb, remarc\u00f3 el colombiano Roa, el \u00faltimo refuerzo de Independiente hasta que se oficialice el arribo del delantero Sebasti\u00e1n Palacios.<\/p>\n<p>Roa llega desde Deportivo Cali, de Colombia, pero la \u00faltima temporada estuvo a pr\u00e9stamo en Hurac\u00e1n donde dej\u00f3 una buena impresi\u00f3n como enganche o mediocampista por izquierda.<\/p>\n<p>\u00abEl entrenador me manifest\u00f3 que su idea es que juegue de interno, me siento c\u00f3modo en esa posici\u00f3n pero primero tengo que conocer m\u00e1s qu\u00e9 es lo que quiere Beccacece\u00bb, se\u00f1al\u00f3 el oriundo de Sabanalarga, una ciudad ubicada en la costa norte colombiana.<\/p>\n<p>El \u00abrojo\u00bb se prepara para recibir a Universidad Cat\u00f3lica, de Ecuador, por la ida de los octavos de final de la Copa Sudamericana pero Roa no podr\u00e1 jugar ya que jug\u00f3 la presente edici\u00f3n de la Copa Libertadores con Hurac\u00e1n.<\/p>\n<p>\u201cEs una pena no poder jugar, es un torneo muy lindo\u00bb, lament\u00f3 Roa, quien seguramente estar\u00e1 en la tribuna del estadio Libertadores de Am\u00e9rica el jueves desde 21.30 para acompa\u00f1ar a sus nuevos compa\u00f1eros.<\/p>\n<div style=\"width: 640px;\" class=\"wp-video\"><!--[if lt IE 9]><script>document.createElement('video');<\/script><![endif]-->\n<video class=\"wp-video-shortcode\" id=\"video-29930-1\" width=\"640\" height=\"360\" preload=\"metadata\" controls=\"controls\"><source type=\"video\/mp4\" src=\"https:\/\/www.masrojo.com.ar\/home\/wp-content\/uploads\/WhatsApp-Audio-2019-07-16-at-12.46.50.mp4?_=1\" \/><a href=\"https:\/\/www.masrojo.com.ar\/home\/wp-content\/uploads\/WhatsApp-Audio-2019-07-16-at-12.46.50.mp4\">https:\/\/www.masrojo.com.ar\/home\/wp-content\/uploads\/WhatsApp-Audio-2019-07-16-at-12.46.50.mp4<\/a><\/video><\/div>\n","protected":false},"excerpt":{"rendered":"<div class=\"mh-excerpt\"><p>El mediocampista colombiano Andr\u00e9s Roa, flamante refuerzo de Independiente, asegur\u00f3 hoy que pretende \u00abdejar una huella y lograr cosas importantes\u00bb en su nuevo club. El ex Hurac\u00e1n se present\u00f3 como nuevo jugador del \u00abrojo\u00bb en <a class=\"mh-excerpt-more\" href=\"https:\/\/www.masrojo.com.ar\/home\/2019\/07\/17\/roa-quiero-lograr-cosas-importantes\/\" title=\"Roa: \u00abQuiero lograr cosas importantes\u00bb\">[&#8230;]<\/a><\/p>\n<\/div>","protected":false},"author":2,"featured_media":29932,"comment_status":"closed","ping_status":"closed","sticky":false,"template":"","format":"audio","meta":{"_jetpack_memberships_contains_paid_content":false,"footnotes":"","jetpack_publicize_message":"","jetpack_publicize_feature_enabled":true,"jetpack_social_post_already_shared":true,"jetpack_social_options":{"image_generator_settings":{"template":"highway","enabled":false},"version":2}},"categories":[4],"tags":[],"class_list":{"0":"post-29930","1":"post","2":"type-post","3":"status-publish","4":"format-audio","5":"has-post-thumbnail","7":"category-actualidad","8":"post_format-post-format-audio"},"jetpack_publicize_connections":[],"jetpack_sharing_enabled":true,"jetpack_featured_media_url":"https:\/\/i0.wp.com\/www.masrojo.com.ar\/home\/wp-content\/uploads\/roadominico.jpg?fit=990%2C557&ssl=1","jetpack_shortlink":"https:\/\/wp.me\/p90W9F-7MK","_links":{"self":[{"href":"https:\/\/www.masrojo.com.ar\/home\/wp-json\/wp\/v2\/posts\/29930"}],"collection":[{"href":"https:\/\/www.masrojo.com.ar\/home\/wp-json\/wp\/v2\/posts"}],"about":[{"href":"https:\/\/www.masrojo.com.ar\/home\/wp-json\/wp\/v2\/types\/post"}],"author":[{"embeddable":true,"href":"https:\/\/www.masrojo.com.ar\/home\/wp-json\/wp\/v2\/users\/2"}],"replies":[{"embeddable":true,"href":"https:\/\/www.masrojo.com.ar\/home\/wp-json\/wp\/v2\/comments?post=29930"}],"version-history":[{"count":0,"href":"https:\/\/www.masrojo.com.ar\/home\/wp-json\/wp\/v2\/posts\/29930\/revisions"}],"wp:featuredmedia":[{"embeddable":true,"href":"https:\/\/www.masrojo.com.ar\/home\/wp-json\/wp\/v2\/media\/29932"}],"wp:attachment":[{"href":"https:\/\/www.masrojo.com.ar\/home\/wp-json\/wp\/v2\/media?parent=29930"}],"wp:term":[{"taxonomy":"category","embeddable":true,"href":"https:\/\/www.masrojo.com.ar\/home\/wp-json\/wp\/v2\/categories?post=29930"},{"taxonomy":"post_tag","embeddable":true,"href":"https:\/\/www.masrojo.com.ar\/home\/wp-json\/wp\/v2\/tags?post=29930"}],"curies":[{"name":"wp","href":"https:\/\/api.w.org\/{rel}","templated":true}]}}