{"id":29939,"date":"2019-07-17T06:18:59","date_gmt":"2019-07-17T09:18:59","guid":{"rendered":"https:\/\/www.masrojo.com.ar\/home\/?p=29939"},"modified":"2019-07-17T06:18:59","modified_gmt":"2019-07-17T09:18:59","slug":"debo-saber-que-me-exigiran-mas","status":"publish","type":"post","link":"https:\/\/www.masrojo.com.ar\/home\/2019\/07\/17\/debo-saber-que-me-exigiran-mas\/","title":{"rendered":"\u201cDebo saber que me exigir\u00e1n m\u00e1s\u201d"},"content":{"rendered":"<p>Mart\u00edn Ben\u00edtez se refiri\u00f3 a la posibilidad que tendr\u00e1 de usar la hist\u00f3rica n\u00famero diez, con el respaldo p\u00fablico del \u00eddolo Ricardo Bochini: \u201cSiempre tuve el respaldo de Bochini. Constantemente, trat\u00e9 de dar lo mejor, ahora tengo una responsabilidad muy importante, lo debo asumir y saber que me exigir\u00e1n m\u00e1s. Al Bocha me lo cruzo cuando viene y siempre hablo, \u00e9l vivi\u00f3 muchas cosas, es bueno escucharlo\u201d.<\/p>\n<p> En di\u00e1logo con La Red, hizo un breve balance: \u201cLlevo 12 a\u00f1os en Independiente. Disfruto mucho, tengo motivaci\u00f3n para seguir, viv\u00ed momentos malos y buenos, el f\u00fatbol es as\u00ed pero siempre estuve tranquilo. Hay que dedicarse a jugar al f\u00fatbol\u201d.<\/p>\n<p>Adem\u00e1s, hizo referencia a la exigente pretemporada que planific\u00f3 el equipo de Beccacece: \u201cHace muchos a\u00f1os no hac\u00edamos una pretemporada f\u00edsica como la hicimos ahora. Con Aldosivi hicimos un gran partido, creo que este ser\u00e1 un gran semestre, hay que transmitir de adentro hacia afuera, como lo hicimos en el 2017\u201d.<\/p>\n<p>En lo personal, el nuevo 10 de Independiente cont\u00f3 como fue la preparaci\u00f3n a cargo del nuevo t\u00e9cnico: \u00abAl principio me prob\u00f3 de interior, despu\u00e9s por afuera y en el \u00faltimo partido de nueve, a ellos no les gusta un nueve f\u00edsico. Baj\u00e9 unos tres kilos, me siento bien, r\u00e1pido. Hay que estar focalizado\u201d.<\/p>\n<p>AUIDO<br \/>\n<iframe loading=\"lazy\" width=\"100%\" height=\"65px\" scrolling=\"no\" frameborder=\"no\" src=\"\/\/radiocut.fm\/audiocut\/embed\/mini\/independiente-benitez-hablo-sobre-su-nueva-camiseta\/\" ><\/iframe><\/p>\n","protected":false},"excerpt":{"rendered":"<div class=\"mh-excerpt\"><p>Mart\u00edn Ben\u00edtez se refiri\u00f3 a la posibilidad que tendr\u00e1 de usar la hist\u00f3rica n\u00famero diez, con el respaldo p\u00fablico del \u00eddolo Ricardo Bochini: \u201cSiempre tuve el respaldo de Bochini. Constantemente, trat\u00e9 de dar lo mejor, <a class=\"mh-excerpt-more\" href=\"https:\/\/www.masrojo.com.ar\/home\/2019\/07\/17\/debo-saber-que-me-exigiran-mas\/\" title=\"\u201cDebo saber que me exigir\u00e1n m\u00e1s\u201d\">[&#8230;]<\/a><\/p>\n<\/div>","protected":false},"author":2,"featured_media":0,"comment_status":"closed","ping_status":"closed","sticky":false,"template":"","format":"audio","meta":{"_jetpack_memberships_contains_paid_content":false,"footnotes":"","jetpack_publicize_message":"","jetpack_publicize_feature_enabled":true,"jetpack_social_post_already_shared":true,"jetpack_social_options":{"image_generator_settings":{"template":"highway","enabled":false},"version":2}},"categories":[4],"tags":[],"class_list":{"0":"post-29939","1":"post","2":"type-post","3":"status-publish","4":"format-audio","6":"category-actualidad","7":"post_format-post-format-audio"},"jetpack_publicize_connections":[],"jetpack_sharing_enabled":true,"jetpack_featured_media_url":"","jetpack_shortlink":"https:\/\/wp.me\/p90W9F-7MT","_links":{"self":[{"href":"https:\/\/www.masrojo.com.ar\/home\/wp-json\/wp\/v2\/posts\/29939"}],"collection":[{"href":"https:\/\/www.masrojo.com.ar\/home\/wp-json\/wp\/v2\/posts"}],"about":[{"href":"https:\/\/www.masrojo.com.ar\/home\/wp-json\/wp\/v2\/types\/post"}],"author":[{"embeddable":true,"href":"https:\/\/www.masrojo.com.ar\/home\/wp-json\/wp\/v2\/users\/2"}],"replies":[{"embeddable":true,"href":"https:\/\/www.masrojo.com.ar\/home\/wp-json\/wp\/v2\/comments?post=29939"}],"version-history":[{"count":0,"href":"https:\/\/www.masrojo.com.ar\/home\/wp-json\/wp\/v2\/posts\/29939\/revisions"}],"wp:attachment":[{"href":"https:\/\/www.masrojo.com.ar\/home\/wp-json\/wp\/v2\/media?parent=29939"}],"wp:term":[{"taxonomy":"category","embeddable":true,"href":"https:\/\/www.masrojo.com.ar\/home\/wp-json\/wp\/v2\/categories?post=29939"},{"taxonomy":"post_tag","embeddable":true,"href":"https:\/\/www.masrojo.com.ar\/home\/wp-json\/wp\/v2\/tags?post=29939"}],"curies":[{"name":"wp","href":"https:\/\/api.w.org\/{rel}","templated":true}]}}