{"id":31047,"date":"2019-08-14T00:40:58","date_gmt":"2019-08-14T03:40:58","guid":{"rendered":"https:\/\/www.masrojo.com.ar\/home\/?p=31047"},"modified":"2019-08-14T00:40:58","modified_gmt":"2019-08-14T03:40:58","slug":"merecimos-mas","status":"publish","type":"post","link":"https:\/\/www.masrojo.com.ar\/home\/2019\/08\/14\/merecimos-mas\/","title":{"rendered":"\u00abMerecimos m\u00e1s\u00bb"},"content":{"rendered":"<div class=\"js-tweet-text-container\">\n<p class=\"TweetTextSize  js-tweet-text tweet-text\" lang=\"es\" style=\"text-align: justify;\" data-aria-label-part=\"0\">Tras la eliminaci\u00f3n en Ecuador por los 4tos de final, <strong>Sebasti\u00e1n Beccacece<\/strong> dialog\u00f3 en conferencia de prensa.<\/p>\n<p>Para comenzar, confes\u00f3 su sentir: \u00abNos duele porque tuvimos la posibilidad concreta de pasar. <strong>No hay nada que reprocharle a este grupo<\/strong> de jugadores. <strong>Merecimos m\u00e1s<\/strong> por lo hecho en el primer tiempo\u00bb.<\/p>\n<\/div>\n<div class=\"AdaptiveMediaOuterContainer\">\n<div class=\"AdaptiveMedia\n\n        is-square\n\n        \"><\/p>\n<div class=\"AdaptiveMedia-container\">\n<div class=\"AdaptiveMedia-singlePhoto\">\n<div class=\"AdaptiveMedia-photoContainer js-adaptive-photo \" style=\"text-align: justify;\" data-image-url=\"https:\/\/pbs.twimg.com\/media\/EB5mUL_WkAEi_Nx.jpg\" data-element-context=\"platform_photo_card\" data-dominant-color=\"[38,35,31]\">Y luego analiz\u00f3 algunas transiciones del partido: \u00abAspir\u00e1bamos a lo que ocurri\u00f3 en el primer tiempo. La falta de contundencia explica un poco lo que pas\u00f3 despu\u00e9s. El rival movi\u00f3 la pelota, juega bien y es nos sac\u00f3 ox\u00edgeno, nos llev\u00f3 a nuestra zona defensiva\u00bb.<\/p>\n<p>\u00abNuestro objetivo <strong>es ser protagonistas en la Superliga y en la Copa Argentina<\/strong>\u00ab, culmin\u00f3.<\/div>\n<\/div>\n<\/div>\n<\/div>\n<\/div>\n","protected":false},"excerpt":{"rendered":"<div class=\"mh-excerpt\"><p>Tras la eliminaci\u00f3n en Ecuador por los 4tos de final, Sebasti\u00e1n Beccacece dialog\u00f3 en conferencia de prensa. Para comenzar, confes\u00f3 su sentir: \u00abNos duele porque tuvimos la posibilidad concreta de pasar. No hay nada que <a class=\"mh-excerpt-more\" href=\"https:\/\/www.masrojo.com.ar\/home\/2019\/08\/14\/merecimos-mas\/\" title=\"\u00abMerecimos m\u00e1s\u00bb\">[&#8230;]<\/a><\/p>\n<\/div>","protected":false},"author":4,"featured_media":0,"comment_status":"closed","ping_status":"closed","sticky":false,"template":"","format":"image","meta":{"_jetpack_memberships_contains_paid_content":false,"footnotes":"","jetpack_publicize_message":"#Independiente | \"Merecimos m\u00e1s\"","jetpack_publicize_feature_enabled":true,"jetpack_social_post_already_shared":true,"jetpack_social_options":{"image_generator_settings":{"template":"highway","enabled":false},"version":2}},"categories":[4],"tags":[720,141,17,84],"class_list":{"0":"post-31047","1":"post","2":"type-post","3":"status-publish","4":"format-image","6":"category-actualidad","7":"tag-beccacece","8":"tag-declaraciones","9":"tag-independiente","10":"tag-sudamericana","11":"post_format-post-format-image"},"jetpack_publicize_connections":[],"jetpack_sharing_enabled":true,"jetpack_featured_media_url":"","jetpack_shortlink":"https:\/\/wp.me\/p90W9F-84L","_links":{"self":[{"href":"https:\/\/www.masrojo.com.ar\/home\/wp-json\/wp\/v2\/posts\/31047"}],"collection":[{"href":"https:\/\/www.masrojo.com.ar\/home\/wp-json\/wp\/v2\/posts"}],"about":[{"href":"https:\/\/www.masrojo.com.ar\/home\/wp-json\/wp\/v2\/types\/post"}],"author":[{"embeddable":true,"href":"https:\/\/www.masrojo.com.ar\/home\/wp-json\/wp\/v2\/users\/4"}],"replies":[{"embeddable":true,"href":"https:\/\/www.masrojo.com.ar\/home\/wp-json\/wp\/v2\/comments?post=31047"}],"version-history":[{"count":0,"href":"https:\/\/www.masrojo.com.ar\/home\/wp-json\/wp\/v2\/posts\/31047\/revisions"}],"wp:attachment":[{"href":"https:\/\/www.masrojo.com.ar\/home\/wp-json\/wp\/v2\/media?parent=31047"}],"wp:term":[{"taxonomy":"category","embeddable":true,"href":"https:\/\/www.masrojo.com.ar\/home\/wp-json\/wp\/v2\/categories?post=31047"},{"taxonomy":"post_tag","embeddable":true,"href":"https:\/\/www.masrojo.com.ar\/home\/wp-json\/wp\/v2\/tags?post=31047"}],"curies":[{"name":"wp","href":"https:\/\/api.w.org\/{rel}","templated":true}]}}