{"id":31374,"date":"2019-08-24T09:20:15","date_gmt":"2019-08-24T12:20:15","guid":{"rendered":"https:\/\/www.masrojo.com.ar\/home\/?p=31374"},"modified":"2019-08-24T09:28:04","modified_gmt":"2019-08-24T12:28:04","slug":"arbitro-contra-al-sabalero","status":"publish","type":"post","link":"https:\/\/www.masrojo.com.ar\/home\/2019\/08\/24\/arbitro-contra-al-sabalero\/","title":{"rendered":"\u00c1RBITRO CONTRA AL SABALERO"},"content":{"rendered":"<p><span class=\"r-18u37iz\">Independiente<\/span><span class=\"css-901oao css-16my406 r-1qd0xha r-ad9z0x r-bcqeeo r-qvutc0\"> &#8211; <\/span><span class=\"r-18u37iz\">Col\u00f3n<\/span><span class=\"css-901oao css-16my406 r-1qd0xha r-ad9z0x r-bcqeeo r-qvutc0\"> ser\u00e1 arbitrado por Diego Abal el s\u00e1bado 24\/8 desde las 20 por la fecha 4 de la SuperLiga en el estadio Libertadores de Am\u00e9rica.<\/span><\/p>\n<div class=\"css-1dbjc4n r-15d164r r-vlx1xi\">\n<div class=\"css-901oao r-hkyrab r-1qd0xha r-a023e6 r-16dba41 r-ad9z0x r-1g94qm0 r-bcqeeo r-bnwqim r-qvutc0\" dir=\"auto\" lang=\"es\"><span class=\"css-901oao css-16my406 r-1qd0xha r-ad9z0x r-bcqeeo r-qvutc0\">Los asistentes ser\u00e1n: Asistente 1: Juan Pablo Belatti Asistente 2: Facundo Rodr\u00edguez y Cuarto \u00e1rbitro: Juan Pafundi<\/span><\/div>\n<\/div>\n<div dir=\"auto\" lang=\"es\"><\/div>\n<div dir=\"auto\" lang=\"es\">Al Rojo Abal lo dirigi\u00f3 en 25 partidos: 7 ganados, 10 empates y 8 derrotas. El \u00faltimo antecedente fue por la fecha 21 de la pasada SUperliga en la derrota como visitante ante Gimnasia en el bosque por 1 a 0<\/div>\n<div class=\"css-1dbjc4n r-1g94qm0\">\n<div class=\"css-1dbjc4n\">\n<div class=\"css-1dbjc4n r-1udh08x\">\n<div class=\"css-1dbjc4n\">\n<div class=\"css-1dbjc4n\"><\/div>\n<\/div>\n<\/div>\n<\/div>\n<\/div>\n<p><span class=\"css-901oao css-16my406 r-1qd0xha r-ad9z0x r-bcqeeo r-qvutc0\">Abal dirigi\u00f3 en 22 oportunidades al sabalero (7 gan\u00f3, 9 empat\u00f3 y 6 perdi\u00f3).<\/span><\/p>\n","protected":false},"excerpt":{"rendered":"<div class=\"mh-excerpt\"><p>Independiente &#8211; Col\u00f3n ser\u00e1 arbitrado por Diego Abal el s\u00e1bado 24\/8 desde las 20 por la fecha 4 de la SuperLiga en el estadio Libertadores de Am\u00e9rica. Los asistentes ser\u00e1n: Asistente 1: Juan Pablo Belatti <a class=\"mh-excerpt-more\" href=\"https:\/\/www.masrojo.com.ar\/home\/2019\/08\/24\/arbitro-contra-al-sabalero\/\" title=\"\u00c1RBITRO CONTRA AL SABALERO\">[&#8230;]<\/a><\/p>\n<\/div>","protected":false},"author":2,"featured_media":0,"comment_status":"closed","ping_status":"closed","sticky":false,"template":"","format":"image","meta":{"_jetpack_memberships_contains_paid_content":false,"footnotes":"","jetpack_publicize_message":"","jetpack_publicize_feature_enabled":true,"jetpack_social_post_already_shared":true,"jetpack_social_options":{"image_generator_settings":{"template":"highway","enabled":false},"version":2}},"categories":[4],"tags":[],"class_list":{"0":"post-31374","1":"post","2":"type-post","3":"status-publish","4":"format-image","6":"category-actualidad","7":"post_format-post-format-image"},"jetpack_publicize_connections":[],"jetpack_sharing_enabled":true,"jetpack_featured_media_url":"","jetpack_shortlink":"https:\/\/wp.me\/p90W9F-8a2","_links":{"self":[{"href":"https:\/\/www.masrojo.com.ar\/home\/wp-json\/wp\/v2\/posts\/31374"}],"collection":[{"href":"https:\/\/www.masrojo.com.ar\/home\/wp-json\/wp\/v2\/posts"}],"about":[{"href":"https:\/\/www.masrojo.com.ar\/home\/wp-json\/wp\/v2\/types\/post"}],"author":[{"embeddable":true,"href":"https:\/\/www.masrojo.com.ar\/home\/wp-json\/wp\/v2\/users\/2"}],"replies":[{"embeddable":true,"href":"https:\/\/www.masrojo.com.ar\/home\/wp-json\/wp\/v2\/comments?post=31374"}],"version-history":[{"count":0,"href":"https:\/\/www.masrojo.com.ar\/home\/wp-json\/wp\/v2\/posts\/31374\/revisions"}],"wp:attachment":[{"href":"https:\/\/www.masrojo.com.ar\/home\/wp-json\/wp\/v2\/media?parent=31374"}],"wp:term":[{"taxonomy":"category","embeddable":true,"href":"https:\/\/www.masrojo.com.ar\/home\/wp-json\/wp\/v2\/categories?post=31374"},{"taxonomy":"post_tag","embeddable":true,"href":"https:\/\/www.masrojo.com.ar\/home\/wp-json\/wp\/v2\/tags?post=31374"}],"curies":[{"name":"wp","href":"https:\/\/api.w.org\/{rel}","templated":true}]}}