{"id":31408,"date":"2019-08-22T08:48:49","date_gmt":"2019-08-22T11:48:49","guid":{"rendered":"https:\/\/www.masrojo.com.ar\/home\/?p=31408"},"modified":"2019-08-22T08:48:49","modified_gmt":"2019-08-22T11:48:49","slug":"perez-10","status":"publish","type":"post","link":"https:\/\/www.masrojo.com.ar\/home\/2019\/08\/22\/perez-10\/","title":{"rendered":"P\u00c9REZ + 10"},"content":{"rendered":"<p>El plantel de Independiente se entren\u00f3 este mi\u00e9rcoles por la ma\u00f1ana en el predio de Villa Dom\u00ednico pensando en revertir ante Col\u00f3n los dos duros golpes que recibi\u00f3 ante Independiente del Valle y Estudiantes por Copa Sudamericana y Superliga, respectivamente.<\/p>\n<p>El entrenador Sebasti\u00e1n Beccacece, que ayer junt\u00f3 al plantel y mantuvo un di\u00e1logo extendido para hacer una autocr\u00edtica general sobre el funcionamiento del equipo, solo diagram\u00f3 trabajos t\u00e1cticos y de posici\u00f3n y de circulaci\u00f3n y definici\u00f3n.<\/p>\n<p>La idea que tiene en mente el DT es una rotaci\u00f3n bajo un 4-3-3, pero no para cuidar jugadores sino para encontrar el once ideal. En ese sentido, el mediocampista Pablo P\u00e9rez tiene grandes chances de reaparecer el pr\u00f3ximo s\u00e1bado en el Libertadores de Am\u00e9rica.<\/p>\n","protected":false},"excerpt":{"rendered":"<div class=\"mh-excerpt\"><p>El plantel de Independiente se entren\u00f3 este mi\u00e9rcoles por la ma\u00f1ana en el predio de Villa Dom\u00ednico pensando en revertir ante Col\u00f3n los dos duros golpes que recibi\u00f3 ante Independiente del Valle y Estudiantes por <a class=\"mh-excerpt-more\" href=\"https:\/\/www.masrojo.com.ar\/home\/2019\/08\/22\/perez-10\/\" title=\"P\u00c9REZ + 10\">[&#8230;]<\/a><\/p>\n<\/div>","protected":false},"author":6,"featured_media":0,"comment_status":"closed","ping_status":"closed","sticky":false,"template":"","format":"image","meta":{"_jetpack_memberships_contains_paid_content":false,"footnotes":"","jetpack_publicize_message":"","jetpack_publicize_feature_enabled":true,"jetpack_social_post_already_shared":true,"jetpack_social_options":{"image_generator_settings":{"template":"highway","enabled":false},"version":2}},"categories":[4],"tags":[],"class_list":{"0":"post-31408","1":"post","2":"type-post","3":"status-publish","4":"format-image","6":"category-actualidad","7":"post_format-post-format-image"},"jetpack_publicize_connections":[],"jetpack_sharing_enabled":true,"jetpack_featured_media_url":"","jetpack_shortlink":"https:\/\/wp.me\/p90W9F-8aA","_links":{"self":[{"href":"https:\/\/www.masrojo.com.ar\/home\/wp-json\/wp\/v2\/posts\/31408"}],"collection":[{"href":"https:\/\/www.masrojo.com.ar\/home\/wp-json\/wp\/v2\/posts"}],"about":[{"href":"https:\/\/www.masrojo.com.ar\/home\/wp-json\/wp\/v2\/types\/post"}],"author":[{"embeddable":true,"href":"https:\/\/www.masrojo.com.ar\/home\/wp-json\/wp\/v2\/users\/6"}],"replies":[{"embeddable":true,"href":"https:\/\/www.masrojo.com.ar\/home\/wp-json\/wp\/v2\/comments?post=31408"}],"version-history":[{"count":0,"href":"https:\/\/www.masrojo.com.ar\/home\/wp-json\/wp\/v2\/posts\/31408\/revisions"}],"wp:attachment":[{"href":"https:\/\/www.masrojo.com.ar\/home\/wp-json\/wp\/v2\/media?parent=31408"}],"wp:term":[{"taxonomy":"category","embeddable":true,"href":"https:\/\/www.masrojo.com.ar\/home\/wp-json\/wp\/v2\/categories?post=31408"},{"taxonomy":"post_tag","embeddable":true,"href":"https:\/\/www.masrojo.com.ar\/home\/wp-json\/wp\/v2\/tags?post=31408"}],"curies":[{"name":"wp","href":"https:\/\/api.w.org\/{rel}","templated":true}]}}