{"id":31415,"date":"2019-08-22T08:56:01","date_gmt":"2019-08-22T11:56:01","guid":{"rendered":"https:\/\/www.masrojo.com.ar\/home\/?p=31415"},"modified":"2019-08-22T08:58:40","modified_gmt":"2019-08-22T11:58:40","slug":"los-tiempos-del-entrenador-se-acortaron-de-manera-impensada","status":"publish","type":"post","link":"https:\/\/www.masrojo.com.ar\/home\/2019\/08\/22\/los-tiempos-del-entrenador-se-acortaron-de-manera-impensada\/","title":{"rendered":"Los tiempos del entrenador se acortaron de manera impensada"},"content":{"rendered":"<p style=\"text-align: justify;\"><span style=\"font-family: helvetica, arial, sans-serif;\"><em>\u00a1Tic, tac! \u00a1Tic, tac! Los tiempos de Sebasti\u00e1n Beccacece en Independiente se aceleraron de manera impensada y vertiginosa en apenas una semana. La derrota y eliminaci\u00f3n de la Copa Sudamericana y el sopapo recibido el lunes frente a Estudiantes, por la Superliga, sonaron con fuerza en el universo Rojo y abrieron interrogantes imprevistos para un ciclo que acaba de empezar. Los siguientes son solo algunos de ellos.<\/em><\/span><\/p>\n<p style=\"text-align: justify;\"><span style=\"font-family: helvetica, arial, sans-serif;\"><em>El funcionamiento: incluso desde antes de su llegada al club, el ex t\u00e9cnico de Defensa y Justicia bas\u00f3 el destino de su apuesta en lograr un mecanismo adecuado y un estilo definido. Hasta ahora, en 6 encuentros disputados (3 ganados, 3 perdidos), es muy poco lo que pudo vislumbrarse al respecto. El medio campo es un acertijo sin resolver, en cuanto a modelo y nombres; el bajo promedio de ocasiones creadas en ataque preocupa m\u00e1s que la escasez de acierto en la red; los desajustes y fallos puntuales son moneda corriente en la defensa.<\/em><\/span><\/p>\n<p style=\"text-align: justify;\"><span style=\"font-family: helvetica, arial, sans-serif;\"><em>Los refuerzos: <strong>Independiente gast\u00f3 15 millones de d\u00f3lares<\/strong> en este mercado y, por el momento, el \u00fanico r\u00e9dito visible fue el gol de Sebasti\u00e1n Palacios que permiti\u00f3 el triunfo ante Defensa y Justicia. Es verdad que de las prioridades del t\u00e9cnico solo se sum\u00f3 Alexander Barboza (debut\u00f3 ante Estudiantes); tambi\u00e9n que varios se sumaron a \u00faltima hora, pero tal como ocurr\u00eda en la \u00abera Holan\u00bb, el tema calidad-precio de los fichajes vuelve a estar sobre el tapete. Ac\u00e1 le cabe una buena cuota a la dirigencia, lenta para fichar sin que eso implicara ahorro de dinero, poca cintura para manejarse en la AFA y en la Conmebol, decisiones limitadas a 3 personas y unas finanzas que mejoraron respecto a c\u00f3mo estaba el club cuando llegaron los Moyano pero est\u00e1 muy lejos de ser floreciente.<\/em><\/span><\/p>\n<p style=\"text-align: justify;\"><span style=\"font-family: helvetica, arial, sans-serif;\"><em>Los planteos t\u00e1cticos: los dos viajes a Quito marcaron el camino del Rojo en el semestre. En el primero, ante Universidad Cat\u00f3lica, Beccacece decidi\u00f3 jugar acurrucado atr\u00e1s y con cinco defensores. Lo pas\u00f3 mal, qued\u00f3 abajo en el marcador y lo salv\u00f3 la imprudencia de un jugador local que se hizo expulsar y permiti\u00f3 la reacci\u00f3n. En el segundo, el t\u00e9cnico rectific\u00f3 y durante media hora se vio lo mejor del equipo bajo su mando, aunque sin pimienta arriba (los dos \u00ab9\u00bb estaban en el banco). Despu\u00e9s, cuando lleg\u00f3 el momento del ahogo, demor\u00f3 los cambios, no reforz\u00f3 la defensa y acab\u00f3 perdiendo. El lunes en La Plata solo se vio confusi\u00f3n.<\/em><\/span><\/p>\n<p style=\"text-align: justify;\"><span style=\"font-family: helvetica, arial, sans-serif;\"><em>Rendimientos individuales: Pablo Hern\u00e1ndez arranc\u00f3 la temporada mostrando su mejor cara, pero se lesion\u00f3 de gravedad y debi\u00f3 ser operado en la rodilla izquierda. Pablo P\u00e9rez, se\u00f1alado sin discusi\u00f3n como el jugador m\u00e1s cerebral del plantel, entra y sale de las alineaciones sin motivos claros. Domingo Blanco no encuentra su posici\u00f3n. Mart\u00edn Ben\u00edtez (cada d\u00eda m\u00e1s denostado por los hinchas, defendido a capa y espada por Ricardo Bochini) y Cecilio Dom\u00ednguez no encuentran el rumbo, y la lista podr\u00eda estirarse. Jugar bien en equipo ayuda al brillo de los int\u00e9rpretes, pero tambi\u00e9n viceversa. Independiente solo suma palos en una rueda que deber\u00eda ser virtuosa.<\/em><\/span><\/p>\n<p style=\"text-align: justify;\"><span style=\"font-family: helvetica, arial, sans-serif;\"><em>El futuro inmediato: mucho antes de lo esperado y en medio de un malestar creciente, el Rojo jugar\u00e1 el s\u00e1bado un partido trascendente para el equipo y para su t\u00e9cnico. \u00bfQu\u00e9 puede ocurrir si el Rey de Copas no vence a Col\u00f3n? La delgada espalda de Beccacece quedar\u00eda demasiado expuesta al maltrato de la tribuna. Es cierto que todav\u00eda est\u00e1 a tiempo de revertir la historia, tanto como que el reloj corre r\u00e1pido y en su contra<\/em><\/span><\/p>\n<p><span style=\"font-family: helvetica, arial, sans-serif;\"><em> Por Rodolfo Chisleanschi &#8211; LA NACI\u00d3N\u00a0<\/em><\/span><\/p>\n","protected":false},"excerpt":{"rendered":"<div class=\"mh-excerpt\"><p>\u00a1Tic, tac! \u00a1Tic, tac! Los tiempos de Sebasti\u00e1n Beccacece en Independiente se aceleraron de manera impensada y vertiginosa en apenas una semana. La derrota y eliminaci\u00f3n de la Copa Sudamericana y el sopapo recibido el <a class=\"mh-excerpt-more\" href=\"https:\/\/www.masrojo.com.ar\/home\/2019\/08\/22\/los-tiempos-del-entrenador-se-acortaron-de-manera-impensada\/\" title=\"Los tiempos del entrenador se acortaron de manera impensada\">[&#8230;]<\/a><\/p>\n<\/div>","protected":false},"author":6,"featured_media":0,"comment_status":"closed","ping_status":"closed","sticky":false,"template":"","format":"standard","meta":{"_jetpack_memberships_contains_paid_content":false,"footnotes":"","jetpack_publicize_message":"","jetpack_publicize_feature_enabled":true,"jetpack_social_post_already_shared":true,"jetpack_social_options":{"image_generator_settings":{"template":"highway","enabled":false},"version":2}},"categories":[4,10],"tags":[],"class_list":{"0":"post-31415","1":"post","2":"type-post","3":"status-publish","4":"format-standard","6":"category-actualidad","7":"category-columnas"},"jetpack_publicize_connections":[],"jetpack_sharing_enabled":true,"jetpack_featured_media_url":"","jetpack_shortlink":"https:\/\/wp.me\/p90W9F-8aH","_links":{"self":[{"href":"https:\/\/www.masrojo.com.ar\/home\/wp-json\/wp\/v2\/posts\/31415"}],"collection":[{"href":"https:\/\/www.masrojo.com.ar\/home\/wp-json\/wp\/v2\/posts"}],"about":[{"href":"https:\/\/www.masrojo.com.ar\/home\/wp-json\/wp\/v2\/types\/post"}],"author":[{"embeddable":true,"href":"https:\/\/www.masrojo.com.ar\/home\/wp-json\/wp\/v2\/users\/6"}],"replies":[{"embeddable":true,"href":"https:\/\/www.masrojo.com.ar\/home\/wp-json\/wp\/v2\/comments?post=31415"}],"version-history":[{"count":0,"href":"https:\/\/www.masrojo.com.ar\/home\/wp-json\/wp\/v2\/posts\/31415\/revisions"}],"wp:attachment":[{"href":"https:\/\/www.masrojo.com.ar\/home\/wp-json\/wp\/v2\/media?parent=31415"}],"wp:term":[{"taxonomy":"category","embeddable":true,"href":"https:\/\/www.masrojo.com.ar\/home\/wp-json\/wp\/v2\/categories?post=31415"},{"taxonomy":"post_tag","embeddable":true,"href":"https:\/\/www.masrojo.com.ar\/home\/wp-json\/wp\/v2\/tags?post=31415"}],"curies":[{"name":"wp","href":"https:\/\/api.w.org\/{rel}","templated":true}]}}