{"id":31435,"date":"2019-08-22T21:47:41","date_gmt":"2019-08-23T00:47:41","guid":{"rendered":"https:\/\/www.masrojo.com.ar\/home\/?p=31435"},"modified":"2019-08-22T21:47:41","modified_gmt":"2019-08-23T00:47:41","slug":"beccacece-probo-rotacion","status":"publish","type":"post","link":"https:\/\/www.masrojo.com.ar\/home\/2019\/08\/22\/beccacece-probo-rotacion\/","title":{"rendered":"Beccacece prob\u00f3 rotaci\u00f3n"},"content":{"rendered":"<p style=\"text-align: justify;\">El entrenador de Independiente, Sebasti\u00e1n Beccacece, implement\u00f3 una rotaci\u00f3n en el equipo para recibir el pr\u00f3ximo s\u00e1bado a Col\u00f3n en el Libertadores de Am\u00e9rica, con el regreso de Pablo P\u00e9rez como la novedad m\u00e1s importante.<\/p>\n<p style=\"text-align: justify;\">El DT pas\u00f3 del 4-4-2 al 4-3-3 para ser m\u00e1s ofensivo y el ex Boca estuvo acompa\u00f1ado en el mediocampo por Lucas Romero -Nicol\u00e1s Domingo seguir\u00eda en el banco- y Juan S\u00e1nchez Mi\u00f1o, quien le dej\u00f3 el lateral izquierdo a Gast\u00f3n Silva, que no sum\u00f3 minutos en la derrota ante Estudiantes en La Plata.<\/p>\n<p style=\"text-align: justify;\">El otro cambio en la defensa fue el de Fabricio Bustos en el lateral derecho, desplazando a Jorge Figal -le gan\u00f3 el puesto a Alan Franco- a la zaga central junto con Alexander Barboza.<\/p>\n<p style=\"text-align: justify;\">Por su parte, Silvio Romero se mantuvo como la referencia en el frente de ataque, mientras que Domingo Blanco y Sebasti\u00e1n Palacios completaron el tridente en lugar de Cecilio Dom\u00ednguez y Mart\u00edn Ben\u00edtez.<\/p>\n<p style=\"text-align: justify;\">En resumen, el probable equipo de Independiente para recibir a Col\u00f3n es: Mart\u00edn Campa\u00f1a; Bustos, Figal, Barboza, Silva; P. P\u00e9rez, L. Romero, S\u00e1nchez Mi\u00f1o; Blanco, Silvio y Palacios.<\/p>\n","protected":false},"excerpt":{"rendered":"<div class=\"mh-excerpt\"><p>El entrenador de Independiente, Sebasti\u00e1n Beccacece, implement\u00f3 una rotaci\u00f3n en el equipo para recibir el pr\u00f3ximo s\u00e1bado a Col\u00f3n en el Libertadores de Am\u00e9rica, con el regreso de Pablo P\u00e9rez como la novedad m\u00e1s importante. <a class=\"mh-excerpt-more\" href=\"https:\/\/www.masrojo.com.ar\/home\/2019\/08\/22\/beccacece-probo-rotacion\/\" title=\"Beccacece prob\u00f3 rotaci\u00f3n\">[&#8230;]<\/a><\/p>\n<\/div>","protected":false},"author":6,"featured_media":0,"comment_status":"closed","ping_status":"closed","sticky":false,"template":"","format":"image","meta":{"_jetpack_memberships_contains_paid_content":false,"footnotes":"","jetpack_publicize_message":"","jetpack_publicize_feature_enabled":true,"jetpack_social_post_already_shared":true,"jetpack_social_options":{"image_generator_settings":{"template":"highway","enabled":false},"version":2}},"categories":[4],"tags":[],"class_list":{"0":"post-31435","1":"post","2":"type-post","3":"status-publish","4":"format-image","6":"category-actualidad","7":"post_format-post-format-image"},"jetpack_publicize_connections":[],"jetpack_sharing_enabled":true,"jetpack_featured_media_url":"","jetpack_shortlink":"https:\/\/wp.me\/p90W9F-8b1","_links":{"self":[{"href":"https:\/\/www.masrojo.com.ar\/home\/wp-json\/wp\/v2\/posts\/31435"}],"collection":[{"href":"https:\/\/www.masrojo.com.ar\/home\/wp-json\/wp\/v2\/posts"}],"about":[{"href":"https:\/\/www.masrojo.com.ar\/home\/wp-json\/wp\/v2\/types\/post"}],"author":[{"embeddable":true,"href":"https:\/\/www.masrojo.com.ar\/home\/wp-json\/wp\/v2\/users\/6"}],"replies":[{"embeddable":true,"href":"https:\/\/www.masrojo.com.ar\/home\/wp-json\/wp\/v2\/comments?post=31435"}],"version-history":[{"count":0,"href":"https:\/\/www.masrojo.com.ar\/home\/wp-json\/wp\/v2\/posts\/31435\/revisions"}],"wp:attachment":[{"href":"https:\/\/www.masrojo.com.ar\/home\/wp-json\/wp\/v2\/media?parent=31435"}],"wp:term":[{"taxonomy":"category","embeddable":true,"href":"https:\/\/www.masrojo.com.ar\/home\/wp-json\/wp\/v2\/categories?post=31435"},{"taxonomy":"post_tag","embeddable":true,"href":"https:\/\/www.masrojo.com.ar\/home\/wp-json\/wp\/v2\/tags?post=31435"}],"curies":[{"name":"wp","href":"https:\/\/api.w.org\/{rel}","templated":true}]}}