{"id":32948,"date":"2019-09-30T01:05:57","date_gmt":"2019-09-30T04:05:57","guid":{"rendered":"https:\/\/www.masrojo.com.ar\/home\/?p=32948"},"modified":"2019-09-30T01:05:57","modified_gmt":"2019-09-30T04:05:57","slug":"el-grupo-se-lo-merecia-por-lo-que-venimos-trabajando","status":"publish","type":"post","link":"https:\/\/www.masrojo.com.ar\/home\/2019\/09\/30\/el-grupo-se-lo-merecia-por-lo-que-venimos-trabajando\/","title":{"rendered":"\u00abEl grupo se lo merec\u00eda por lo que venimos trabajando\u00bb"},"content":{"rendered":"<p>Lucas Romero habl\u00f3 con la prensa luego del partido ante Talleres (C) y explic\u00f3 el motivo de su cambio.<\/p>\n<p>\u00abSufrimos un poco hasta el final, no pudimos cerrarlo antes, pero lo importante es que conseguimos los tres puntos. Creo que el grupo se lo merec\u00eda por lo que venimos trabajando, por ah\u00ed los \u00faltimos partidos no salieron las cosas como lo plane\u00e1bamos, pero hoy jugamos muy bien e hicimos un buen partido\u00bb, destac\u00f3 el mediocampista.<\/p>\n<p>Con respecto a su salida sobre el final del partido, explic\u00f3: \u00abTuve que salir porque termin\u00e9 con un calambre en los dos isquiotibiales. Sobre los 25 minutos ya me molestaba, trate de aguantar un poco m\u00e1s y ya sobre el final Seba (Beccacece) me termin\u00f3 sacando\u00bb.<\/p>\n","protected":false},"excerpt":{"rendered":"<div class=\"mh-excerpt\"><p>Lucas Romero habl\u00f3 con la prensa luego del partido ante Talleres (C) y explic\u00f3 el motivo de su cambio. \u00abSufrimos un poco hasta el final, no pudimos cerrarlo antes, pero lo importante es que conseguimos <a class=\"mh-excerpt-more\" href=\"https:\/\/www.masrojo.com.ar\/home\/2019\/09\/30\/el-grupo-se-lo-merecia-por-lo-que-venimos-trabajando\/\" title=\"\u00abEl grupo se lo merec\u00eda por lo que venimos trabajando\u00bb\">[&#8230;]<\/a><\/p>\n<\/div>","protected":false},"author":1,"featured_media":0,"comment_status":"closed","ping_status":"closed","sticky":false,"template":"","format":"standard","meta":{"_jetpack_memberships_contains_paid_content":false,"footnotes":"","jetpack_publicize_message":"","jetpack_publicize_feature_enabled":true,"jetpack_social_post_already_shared":true,"jetpack_social_options":{"image_generator_settings":{"template":"highway","enabled":false},"version":2}},"categories":[4],"tags":[748,746,17,724,32,233,747,744],"class_list":{"0":"post-32948","1":"post","2":"type-post","3":"status-publish","4":"format-standard","6":"category-actualidad","7":"tag-748","8":"tag-fecha-8","9":"tag-independiente","10":"tag-lucas-romero","11":"tag-superliga","12":"tag-talleres","13":"tag-triunfo","14":"tag-victoria"},"jetpack_publicize_connections":[],"jetpack_sharing_enabled":true,"jetpack_featured_media_url":"","jetpack_shortlink":"https:\/\/wp.me\/p90W9F-8zq","_links":{"self":[{"href":"https:\/\/www.masrojo.com.ar\/home\/wp-json\/wp\/v2\/posts\/32948"}],"collection":[{"href":"https:\/\/www.masrojo.com.ar\/home\/wp-json\/wp\/v2\/posts"}],"about":[{"href":"https:\/\/www.masrojo.com.ar\/home\/wp-json\/wp\/v2\/types\/post"}],"author":[{"embeddable":true,"href":"https:\/\/www.masrojo.com.ar\/home\/wp-json\/wp\/v2\/users\/1"}],"replies":[{"embeddable":true,"href":"https:\/\/www.masrojo.com.ar\/home\/wp-json\/wp\/v2\/comments?post=32948"}],"version-history":[{"count":0,"href":"https:\/\/www.masrojo.com.ar\/home\/wp-json\/wp\/v2\/posts\/32948\/revisions"}],"wp:attachment":[{"href":"https:\/\/www.masrojo.com.ar\/home\/wp-json\/wp\/v2\/media?parent=32948"}],"wp:term":[{"taxonomy":"category","embeddable":true,"href":"https:\/\/www.masrojo.com.ar\/home\/wp-json\/wp\/v2\/categories?post=32948"},{"taxonomy":"post_tag","embeddable":true,"href":"https:\/\/www.masrojo.com.ar\/home\/wp-json\/wp\/v2\/tags?post=32948"}],"curies":[{"name":"wp","href":"https:\/\/api.w.org\/{rel}","templated":true}]}}