{"id":32957,"date":"2019-09-30T01:39:41","date_gmt":"2019-09-30T04:39:41","guid":{"rendered":"https:\/\/www.masrojo.com.ar\/home\/?p=32957"},"modified":"2019-09-30T01:39:41","modified_gmt":"2019-09-30T04:39:41","slug":"figal-agonico","status":"publish","type":"post","link":"https:\/\/www.masrojo.com.ar\/home\/2019\/09\/30\/figal-agonico\/","title":{"rendered":"FIGAL AG\u00d3NICO"},"content":{"rendered":"<p style=\"text-align: justify;\"><span style=\"font-weight: 400;\">C\u00f3mo descontextualizar esta victoria del Independiente de Sebasti\u00e1n Beccacece. Disociar la estrategia de lo an\u00edmico y disimular el rol protag\u00f3nico que tuvo la impronta individual en esta victoria ag\u00f3nica ante Talleres en el Libertadores de Am\u00e9rica.\u00a0<\/span><\/p>\n<p style=\"text-align: justify;\"><span style=\"font-weight: 400;\">Dos minutos bastaron para clarificar la t\u00f3nica del partido. En Avellaneda estaba un Talleres obstinado y suicida que, a pesar de haber tenido la muestra en el primer minuto &#8211; la que marra Romero -, insist\u00eda en salir jugando desde abajo a pesar el posicionamiento alto de Independiente.<\/span><\/p>\n<p style=\"text-align: justify;\"><span style=\"font-weight: 400;\">Ante un estadio que esperaba una se\u00f1al de parte del plantel, el equipo respond\u00eda con actitud en cada jugada. Apareci\u00f3 la vieja intensidad, pero sobre todo, mostr\u00f3 esa recuperaci\u00f3n alta que tanto prometieron en pretemporada.\u00a0<\/span><\/p>\n<p style=\"text-align: justify;\"><span style=\"font-weight: 400;\">De vital importancia es notar eso, para afuera del equipo y para adentro tambi\u00e9n. Ante un equipo falto de rodaje, tiempo, entretenimiento y dem\u00e1s excusas, nada le resuelve m\u00e1s la situaci\u00f3n de partido que recuperarla cerquita del arco.\u00a0<\/span><\/p>\n<p style=\"text-align: justify;\"><span style=\"font-weight: 400;\">As\u00ed lo hizo independiente, y as\u00ed aprovech\u00f3 una y otra vez la insospechada carencia futbol\u00edstica de Talleres. Un equipo cordob\u00e9s que hasta se hac\u00eda los goles solo, como el segundo del Rojo.\u00a0<\/span><\/p>\n<p style=\"text-align: justify;\"><span style=\"font-weight: 400;\">Luego el equipo tuvo varias chances de cerrar el partido por la v\u00eda del tercer gol, sin embargo, como acostumbra Beccacece, el partido lo quiso cerrar pijoteando. Porque si bien Pablo P\u00e9rez pidi\u00f3 el cambio, pudo haber elegido una opci\u00f3n m\u00e1s ofensiva que el volante de contenci\u00f3n que es Benavidez.\u00a0\u00a0<\/span><\/p>\n<p style=\"text-align: justify;\"><span style=\"font-weight: 400;\">Esper\u00f3 que a independiente le empataran el partido y se empezaran a escuchar las voces de reprobaci\u00f3n para que ingrese Ben\u00edtez.<\/span><\/p>\n<p style=\"text-align: justify;\"><span style=\"font-weight: 400;\">Luego la \u00e9pica le regal\u00f3 a Figal y a Independiente la posibilidad de remontar su relaci\u00f3n.<\/span><\/p>\n<p style=\"text-align: justify;\"><span style=\"font-weight: 400;\">Tambi\u00e9n le dio una chance m\u00e1s al entrenador, que deber\u00e1 replantearse algunas decisiones en relaci\u00f3n al lugar que ocupa.\u00a0<\/span><\/p>\n<p style=\"text-align: justify;\"><span style=\"font-weight: 400;\">Independiente gust\u00f3 y mereci\u00f3 en el mejor partido de la era Beccacece.\u00a0<\/span><\/p>\n","protected":false},"excerpt":{"rendered":"<div class=\"mh-excerpt\"><p>C\u00f3mo descontextualizar esta victoria del Independiente de Sebasti\u00e1n Beccacece. Disociar la estrategia de lo an\u00edmico y disimular el rol protag\u00f3nico que tuvo la impronta individual en esta victoria ag\u00f3nica ante Talleres en el Libertadores de <a class=\"mh-excerpt-more\" href=\"https:\/\/www.masrojo.com.ar\/home\/2019\/09\/30\/figal-agonico\/\" title=\"FIGAL AG\u00d3NICO\">[&#8230;]<\/a><\/p>\n<\/div>","protected":false},"author":2,"featured_media":0,"comment_status":"closed","ping_status":"closed","sticky":false,"template":"","format":"image","meta":{"_jetpack_memberships_contains_paid_content":false,"footnotes":"","jetpack_publicize_message":"","jetpack_publicize_feature_enabled":true,"jetpack_social_post_already_shared":true,"jetpack_social_options":{"image_generator_settings":{"template":"highway","enabled":false},"version":2}},"categories":[4,10],"tags":[17,32,751],"class_list":{"0":"post-32957","1":"post","2":"type-post","3":"status-publish","4":"format-image","6":"category-actualidad","7":"category-columnas","8":"tag-independiente","9":"tag-superliga","10":"tag-talleres-de-cordoba","11":"post_format-post-format-image"},"jetpack_publicize_connections":[],"jetpack_sharing_enabled":true,"jetpack_featured_media_url":"","jetpack_shortlink":"https:\/\/wp.me\/p90W9F-8zz","_links":{"self":[{"href":"https:\/\/www.masrojo.com.ar\/home\/wp-json\/wp\/v2\/posts\/32957"}],"collection":[{"href":"https:\/\/www.masrojo.com.ar\/home\/wp-json\/wp\/v2\/posts"}],"about":[{"href":"https:\/\/www.masrojo.com.ar\/home\/wp-json\/wp\/v2\/types\/post"}],"author":[{"embeddable":true,"href":"https:\/\/www.masrojo.com.ar\/home\/wp-json\/wp\/v2\/users\/2"}],"replies":[{"embeddable":true,"href":"https:\/\/www.masrojo.com.ar\/home\/wp-json\/wp\/v2\/comments?post=32957"}],"version-history":[{"count":0,"href":"https:\/\/www.masrojo.com.ar\/home\/wp-json\/wp\/v2\/posts\/32957\/revisions"}],"wp:attachment":[{"href":"https:\/\/www.masrojo.com.ar\/home\/wp-json\/wp\/v2\/media?parent=32957"}],"wp:term":[{"taxonomy":"category","embeddable":true,"href":"https:\/\/www.masrojo.com.ar\/home\/wp-json\/wp\/v2\/categories?post=32957"},{"taxonomy":"post_tag","embeddable":true,"href":"https:\/\/www.masrojo.com.ar\/home\/wp-json\/wp\/v2\/tags?post=32957"}],"curies":[{"name":"wp","href":"https:\/\/api.w.org\/{rel}","templated":true}]}}