{"id":32967,"date":"2019-09-30T20:09:32","date_gmt":"2019-09-30T23:09:32","guid":{"rendered":"https:\/\/www.masrojo.com.ar\/home\/?p=32967"},"modified":"2019-09-30T20:10:28","modified_gmt":"2019-09-30T23:10:28","slug":"llega-a-liniers","status":"publish","type":"post","link":"https:\/\/www.masrojo.com.ar\/home\/2019\/09\/30\/llega-a-liniers\/","title":{"rendered":"\u00bfLLEGA A LINIERS?"},"content":{"rendered":"<p>Silvio Romero, el jugador por el que espera Independiente<br \/>\nEl goleador del Rojo ayer, en la victoria ante Talleres, debi\u00f3 ser reemplazado antes del entretiempo.<\/p>\n<p>\u200c<br \/>\nSilvio Romero, el jugador por el que espera Independiente<br \/>\nEl goleador del Rojo ayer, en la victoria ante Talleres, debi\u00f3 ser reemplazado antes del entretiempo.<br \/>\n\u200c<\/p>\n<p>Tras el ag\u00f3nico triunfo sobre Talleres de C\u00f3rdoba en el Libertadores de Am\u00e9rica, todos los ca\u00f1ones de Independiente apuntan al cruce del pr\u00f3ximo domingo ante V\u00e9lez, en el Amalfitani, por la fecha 9 de la Superliga.<\/p>\n<p>Para ese juego el objetivo ser\u00e1 recuperar a Silvio Romero, pieza clave y goleador del equipo de Sebasti\u00e1n Beccacece, quien ayer debi\u00f3 ser reemplazado por Sebasti\u00e1n Palacios, a los 42 minutos de la primera parte.<\/p>\n<p>\u00bfQu\u00e9 tiene el 9? Hoy se confirm\u00f3 que padece una distensi\u00f3n en el b\u00edceps femoral derecho y ser\u00e1 aguardado hasta \u00faltimo momento para ver si puede estar en Liniers.<\/p>\n","protected":false},"excerpt":{"rendered":"<div class=\"mh-excerpt\"><p>Silvio Romero, el jugador por el que espera Independiente El goleador del Rojo ayer, en la victoria ante Talleres, debi\u00f3 ser reemplazado antes del entretiempo. \u200c Silvio Romero, el jugador por el que espera Independiente <a class=\"mh-excerpt-more\" href=\"https:\/\/www.masrojo.com.ar\/home\/2019\/09\/30\/llega-a-liniers\/\" title=\"\u00bfLLEGA A LINIERS?\">[&#8230;]<\/a><\/p>\n<\/div>","protected":false},"author":6,"featured_media":25015,"comment_status":"closed","ping_status":"closed","sticky":false,"template":"","format":"image","meta":{"_jetpack_memberships_contains_paid_content":false,"footnotes":"","jetpack_publicize_message":"","jetpack_publicize_feature_enabled":true,"jetpack_social_post_already_shared":true,"jetpack_social_options":{"image_generator_settings":{"template":"highway","enabled":false},"version":2}},"categories":[4],"tags":[],"class_list":{"0":"post-32967","1":"post","2":"type-post","3":"status-publish","4":"format-image","5":"has-post-thumbnail","7":"category-actualidad","8":"post_format-post-format-image"},"jetpack_publicize_connections":[],"jetpack_sharing_enabled":true,"jetpack_featured_media_url":"https:\/\/i0.wp.com\/www.masrojo.com.ar\/home\/wp-content\/uploads\/ROMERO1.jpg?fit=2042%2C1363&ssl=1","jetpack_shortlink":"https:\/\/wp.me\/p90W9F-8zJ","_links":{"self":[{"href":"https:\/\/www.masrojo.com.ar\/home\/wp-json\/wp\/v2\/posts\/32967"}],"collection":[{"href":"https:\/\/www.masrojo.com.ar\/home\/wp-json\/wp\/v2\/posts"}],"about":[{"href":"https:\/\/www.masrojo.com.ar\/home\/wp-json\/wp\/v2\/types\/post"}],"author":[{"embeddable":true,"href":"https:\/\/www.masrojo.com.ar\/home\/wp-json\/wp\/v2\/users\/6"}],"replies":[{"embeddable":true,"href":"https:\/\/www.masrojo.com.ar\/home\/wp-json\/wp\/v2\/comments?post=32967"}],"version-history":[{"count":0,"href":"https:\/\/www.masrojo.com.ar\/home\/wp-json\/wp\/v2\/posts\/32967\/revisions"}],"wp:featuredmedia":[{"embeddable":true,"href":"https:\/\/www.masrojo.com.ar\/home\/wp-json\/wp\/v2\/media\/25015"}],"wp:attachment":[{"href":"https:\/\/www.masrojo.com.ar\/home\/wp-json\/wp\/v2\/media?parent=32967"}],"wp:term":[{"taxonomy":"category","embeddable":true,"href":"https:\/\/www.masrojo.com.ar\/home\/wp-json\/wp\/v2\/categories?post=32967"},{"taxonomy":"post_tag","embeddable":true,"href":"https:\/\/www.masrojo.com.ar\/home\/wp-json\/wp\/v2\/tags?post=32967"}],"curies":[{"name":"wp","href":"https:\/\/api.w.org\/{rel}","templated":true}]}}