{"id":34161,"date":"2019-11-03T09:20:51","date_gmt":"2019-11-03T12:20:51","guid":{"rendered":"https:\/\/www.masrojo.com.ar\/home\/?p=34161"},"modified":"2019-11-02T20:21:31","modified_gmt":"2019-11-02T23:21:31","slug":"cria-cuervos-2","status":"publish","type":"post","link":"https:\/\/www.masrojo.com.ar\/home\/2019\/11\/03\/cria-cuervos-2\/","title":{"rendered":"CR\u00cdA CUERVOS"},"content":{"rendered":"<p>&nbsp;<\/p>\n<p style=\"text-align: justify;\">Independiente llega al encuentro tras empatar por 2-2 ante Uni\u00f3n de Santa Fe con goles de Silvio Romero. Con este empate suma 14 puntos y se encuentra d\u00e9cimo cuarto en la tabla de posiciones, debido a cuatro victorias, dos empates y cuatro derrotas.<\/p>\n<p style=\"text-align: justify;\">El posible equipo que pondr\u00e1 Fernando Ber\u00f3n, el t\u00e9cnico interino, ser\u00eda:\u00a0<em><strong>Mart\u00edn Campa\u00f1a; Nicol\u00e1s Figal, Alan Franco, Gast\u00f3n Silva y Juan S\u00e1nchez Mi\u00f1o; Pablo P\u00e9rez, Lucas Romero, Mart\u00edn Ben\u00edtez y Domingo Blanco; Silvio Romero y Cecilio Dom\u00ednguez.<\/strong><\/em><\/p>\n<p style=\"text-align: justify;\">Adem\u00e1s, concentraron: Milton \u00c1lvarez, Sergio Barreto, Alexander Barboza, Nicol\u00e1s Domingo, Andr\u00e9s Roa, Carlos Benavidez, Gast\u00f3n Togni, Cristian Ch\u00e1vez y Sebasti\u00e1n Palacios.<\/p>\n","protected":false},"excerpt":{"rendered":"<div class=\"mh-excerpt\"><p>&nbsp; Independiente llega al encuentro tras empatar por 2-2 ante Uni\u00f3n de Santa Fe con goles de Silvio Romero. Con este empate suma 14 puntos y se encuentra d\u00e9cimo cuarto en la tabla de posiciones, <a class=\"mh-excerpt-more\" href=\"https:\/\/www.masrojo.com.ar\/home\/2019\/11\/03\/cria-cuervos-2\/\" title=\"CR\u00cdA CUERVOS\">[&#8230;]<\/a><\/p>\n<\/div>","protected":false},"author":6,"featured_media":0,"comment_status":"closed","ping_status":"closed","sticky":false,"template":"","format":"image","meta":{"_jetpack_memberships_contains_paid_content":false,"footnotes":"","jetpack_publicize_message":"","jetpack_publicize_feature_enabled":true,"jetpack_social_post_already_shared":true,"jetpack_social_options":{"image_generator_settings":{"template":"highway","enabled":false},"version":2}},"categories":[4],"tags":[],"class_list":{"0":"post-34161","1":"post","2":"type-post","3":"status-publish","4":"format-image","6":"category-actualidad","7":"post_format-post-format-image"},"jetpack_publicize_connections":[],"jetpack_sharing_enabled":true,"jetpack_featured_media_url":"","jetpack_shortlink":"https:\/\/wp.me\/p90W9F-8SZ","_links":{"self":[{"href":"https:\/\/www.masrojo.com.ar\/home\/wp-json\/wp\/v2\/posts\/34161"}],"collection":[{"href":"https:\/\/www.masrojo.com.ar\/home\/wp-json\/wp\/v2\/posts"}],"about":[{"href":"https:\/\/www.masrojo.com.ar\/home\/wp-json\/wp\/v2\/types\/post"}],"author":[{"embeddable":true,"href":"https:\/\/www.masrojo.com.ar\/home\/wp-json\/wp\/v2\/users\/6"}],"replies":[{"embeddable":true,"href":"https:\/\/www.masrojo.com.ar\/home\/wp-json\/wp\/v2\/comments?post=34161"}],"version-history":[{"count":0,"href":"https:\/\/www.masrojo.com.ar\/home\/wp-json\/wp\/v2\/posts\/34161\/revisions"}],"wp:attachment":[{"href":"https:\/\/www.masrojo.com.ar\/home\/wp-json\/wp\/v2\/media?parent=34161"}],"wp:term":[{"taxonomy":"category","embeddable":true,"href":"https:\/\/www.masrojo.com.ar\/home\/wp-json\/wp\/v2\/categories?post=34161"},{"taxonomy":"post_tag","embeddable":true,"href":"https:\/\/www.masrojo.com.ar\/home\/wp-json\/wp\/v2\/tags?post=34161"}],"curies":[{"name":"wp","href":"https:\/\/api.w.org\/{rel}","templated":true}]}}