{"id":34208,"date":"2019-11-04T02:31:20","date_gmt":"2019-11-04T05:31:20","guid":{"rendered":"https:\/\/www.masrojo.com.ar\/home\/?p=34208"},"modified":"2019-11-04T02:31:20","modified_gmt":"2019-11-04T05:31:20","slug":"fernando-beron-para-mi-no-es-un-garron-dirigir-a-independiente-al-contrario","status":"publish","type":"post","link":"https:\/\/www.masrojo.com.ar\/home\/2019\/11\/04\/fernando-beron-para-mi-no-es-un-garron-dirigir-a-independiente-al-contrario\/","title":{"rendered":"Fernando Ber\u00f3n: \u00abPara m\u00ed no es un garr\u00f3n dirigir a Independiente, al contrario\u00bb"},"content":{"rendered":"<p>Fernando Ber\u00f3n habl\u00f3 en conferenia de prensa y destac\u00f3 la victoria de Independiente por 2-1 ante San Lorenzo.<\/p>\n<p>\u00abTuvimos muchas chances para liquidar el partido y lamentablemente no lo hicimos, pero creo que <strong>fuimos superiores<\/strong>. Igual que en el partido contra Uni\u00f3n la respuesta an\u00edmica fue buena. Tratamos de lograr velocidad en 3\/4 de cancha para adelante, sabemos que hay jugadores que tienen un buen cambio de ritmo e intentamos aprovecharlo\u00bb, opin\u00f3 Ber\u00f3n.<\/p>\n<p>Cuando le consultaron si era un problema tomar el cargo de interino y si seguir\u00e1 el pr\u00f3ximo a\u00f1o, expres\u00f3: \u00abYo lo que habl\u00e9 con los dirigentes fue para dirigir estos seis (6) partidos que quedaban para terminar el a\u00f1o, y la verdad que <strong>no pienso m\u00e1s adelante<\/strong>. Voy partido a partido y despu\u00e9s <strong>cuando llegue fin de a\u00f1o veremos\u00bb, <\/strong>asegur\u00f3. Y agreg\u00f3: \u00abUno lo toma de la manera que le parece. Cuando est\u00e1s de interino y se va un entrenador siempre est\u00e1s a disposici\u00f3n del club.<strong> Para m\u00ed no es un garr\u00f3n dirigir a Independiente, al contrario<\/strong>\u00ab.<\/p>\n<p>Con respecto al rendimiento de Romero y al ingreso de Domingo, declar\u00f3: \u00abSilvio no perdona. La verdad que el otro d\u00eda frente a Uni\u00f3n lleg\u00f3 con lo justo y marc\u00f3, hoy lleg\u00f3 tambi\u00e9n con lo justo e hizo dos goles, <strong>espero que siga as\u00ed<\/strong>. El ingreso de Domingo fue porque Pablo P\u00e9rez hab\u00eda hecho un desgaste muy grande y encima ten\u00eda amarilla\u00bb.<\/p>\n<p>Para finalizar, se\u00f1al\u00f3 que es lo que tienen que modificar para poder seguir con la racha de victorias: \u00ab<strong>Creo que hay que saber manejar mejor los tiempos del partido<\/strong>. Nos pas\u00f3 el otro d\u00eda en Santa F\u00e9, cometimos errores que despu\u00e9s te cuestan caro y hoy ganando 1-0 tambi\u00e9n tenemos distracciones que te terminan convirtiendo y se hace muy dif\u00edcil\u00bb.<\/p>\n<blockquote class=\"twitter-tweet\">\n<p dir=\"ltr\" lang=\"es\">Ber\u00f3n tras la victoria ante San Lorenzo <a href=\"https:\/\/t.co\/K1GW1ixZhu\">https:\/\/t.co\/K1GW1ixZhu<\/a><\/p>\n<p>\u2014 MasRojo (@masrojo) <a href=\"https:\/\/twitter.com\/masrojo\/status\/1191163073916223493?ref_src=twsrc%5Etfw\">November 4, 2019<\/a><\/p><\/blockquote>\n<p><script async src=\"https:\/\/platform.twitter.com\/widgets.js\" charset=\"utf-8\"><\/script><\/p>\n","protected":false},"excerpt":{"rendered":"<div class=\"mh-excerpt\"><p>Fernando Ber\u00f3n habl\u00f3 en conferenia de prensa y destac\u00f3 la victoria de Independiente por 2-1 ante San Lorenzo. \u00abTuvimos muchas chances para liquidar el partido y lamentablemente no lo hicimos, pero creo que fuimos superiores. <a class=\"mh-excerpt-more\" href=\"https:\/\/www.masrojo.com.ar\/home\/2019\/11\/04\/fernando-beron-para-mi-no-es-un-garron-dirigir-a-independiente-al-contrario\/\" title=\"Fernando Ber\u00f3n: \u00abPara m\u00ed no es un garr\u00f3n dirigir a Independiente, al contrario\u00bb\">[&#8230;]<\/a><\/p>\n<\/div>","protected":false},"author":1,"featured_media":0,"comment_status":"closed","ping_status":"closed","sticky":false,"template":"","format":"video","meta":{"_jetpack_memberships_contains_paid_content":false,"footnotes":"","jetpack_publicize_message":"","jetpack_publicize_feature_enabled":true,"jetpack_social_post_already_shared":true,"jetpack_social_options":{"image_generator_settings":{"template":"highway","enabled":false},"version":2}},"categories":[4],"tags":[808,720,62,121,45,802,17,668,195,52,812,747,744],"class_list":{"0":"post-34208","1":"post","2":"type-post","3":"status-publish","4":"format-video","6":"category-actualidad","7":"tag-2-1","8":"tag-beccacece","9":"tag-beron","10":"tag-conferencia","11":"tag-domingo","12":"tag-fecha-12","13":"tag-independiente","14":"tag-perez","15":"tag-romero","16":"tag-san-lorenzo","17":"tag-sperliga","18":"tag-triunfo","19":"tag-victoria","20":"post_format-post-format-video"},"jetpack_publicize_connections":[],"jetpack_sharing_enabled":true,"jetpack_featured_media_url":"","jetpack_shortlink":"https:\/\/wp.me\/p90W9F-8TK","_links":{"self":[{"href":"https:\/\/www.masrojo.com.ar\/home\/wp-json\/wp\/v2\/posts\/34208"}],"collection":[{"href":"https:\/\/www.masrojo.com.ar\/home\/wp-json\/wp\/v2\/posts"}],"about":[{"href":"https:\/\/www.masrojo.com.ar\/home\/wp-json\/wp\/v2\/types\/post"}],"author":[{"embeddable":true,"href":"https:\/\/www.masrojo.com.ar\/home\/wp-json\/wp\/v2\/users\/1"}],"replies":[{"embeddable":true,"href":"https:\/\/www.masrojo.com.ar\/home\/wp-json\/wp\/v2\/comments?post=34208"}],"version-history":[{"count":0,"href":"https:\/\/www.masrojo.com.ar\/home\/wp-json\/wp\/v2\/posts\/34208\/revisions"}],"wp:attachment":[{"href":"https:\/\/www.masrojo.com.ar\/home\/wp-json\/wp\/v2\/media?parent=34208"}],"wp:term":[{"taxonomy":"category","embeddable":true,"href":"https:\/\/www.masrojo.com.ar\/home\/wp-json\/wp\/v2\/categories?post=34208"},{"taxonomy":"post_tag","embeddable":true,"href":"https:\/\/www.masrojo.com.ar\/home\/wp-json\/wp\/v2\/tags?post=34208"}],"curies":[{"name":"wp","href":"https:\/\/api.w.org\/{rel}","templated":true}]}}