{"id":34363,"date":"2019-11-07T18:30:30","date_gmt":"2019-11-07T21:30:30","guid":{"rendered":"https:\/\/www.masrojo.com.ar\/home\/?p=34363"},"modified":"2019-11-07T18:30:30","modified_gmt":"2019-11-07T21:30:30","slug":"entrenamiento-en-villa-dominico-4","status":"publish","type":"post","link":"https:\/\/www.masrojo.com.ar\/home\/2019\/11\/07\/entrenamiento-en-villa-dominico-4\/","title":{"rendered":"Entrenamiento en Villa Dom\u00ednico"},"content":{"rendered":"<p>El primer equipo de\u00a0Independiente se entren\u00f3 hoy en el predio de Villa Dom\u00ednico de cara al partido del pr\u00f3ximo s\u00e1bado ante <strong>Godoy Cruz<\/strong> en Mendoza.<\/p>\n<p>Los jugadores comenzaron con una rutina de trabajos f\u00edsicos en el gimnasio, luego realizaron movimientos t\u00e1cticos con pelota y finalizaron con ejercicios de defensa, ataque y definici\u00f3n. El \u00fanico que trabaj\u00f3 de manera <strong>diferenciada<\/strong> fue <strong>Pablo Hern\u00e1ndez<\/strong>\u00a0quien contin\u00faa con su rehabilitaci\u00f3n deportiva.<\/p>\n<p>El equipo volver\u00e1 a las pr\u00e1cticas ma\u00f1ana por la ma\u00f1ana en el predio de Villa Dom\u00ednico, a puertas cerradas. A las 17.20 el plantel viajar\u00e1 rumbo a <strong>Mendoza<\/strong> desde Aeroparque, con un horario de llegada estimado a las 19.15. Una vez que el plantel arribe al hotel Hyatt, <strong>un futbolista hablar\u00e1 en rueda de prensa<\/strong>.<\/p>\n<blockquote class=\"twitter-tweet\">\n<p dir=\"ltr\" lang=\"es\">Por otro centro de gol &#x1f45f;&#x26bd;&#xfe0f;&#x1f440;<\/p>\n<p>Ma\u00f1ana, a Mendoza &#x1f51c;&#x2708;&#xfe0f;<a href=\"https:\/\/twitter.com\/hashtag\/TodoRojo?src=hash&amp;ref_src=twsrc%5Etfw\">#TodoRojo<\/a> &#x1f534; <a href=\"https:\/\/t.co\/0B2EC0OfYu\">pic.twitter.com\/0B2EC0OfYu<\/a><\/p>\n<p>\u2014 C. A. Independiente (@Independiente) <a href=\"https:\/\/twitter.com\/Independiente\/status\/1192471873478701057?ref_src=twsrc%5Etfw\">November 7, 2019<\/a><\/p><\/blockquote>\n<p><script async src=\"https:\/\/platform.twitter.com\/widgets.js\" charset=\"utf-8\"><\/script><\/p>\n","protected":false},"excerpt":{"rendered":"<div class=\"mh-excerpt\"><p>El primer equipo de\u00a0Independiente se entren\u00f3 hoy en el predio de Villa Dom\u00ednico de cara al partido del pr\u00f3ximo s\u00e1bado ante Godoy Cruz en Mendoza. Los jugadores comenzaron con una rutina de trabajos f\u00edsicos en <a class=\"mh-excerpt-more\" href=\"https:\/\/www.masrojo.com.ar\/home\/2019\/11\/07\/entrenamiento-en-villa-dominico-4\/\" title=\"Entrenamiento en Villa Dom\u00ednico\">[&#8230;]<\/a><\/p>\n<\/div>","protected":false},"author":1,"featured_media":0,"comment_status":"closed","ping_status":"closed","sticky":false,"template":"","format":"image","meta":{"_jetpack_memberships_contains_paid_content":false,"footnotes":"","jetpack_publicize_message":"","jetpack_publicize_feature_enabled":true,"jetpack_social_post_already_shared":true,"jetpack_social_options":{"image_generator_settings":{"template":"highway","enabled":false},"version":2}},"categories":[4],"tags":[62,45,27,814,66,469,17,813,32],"class_list":{"0":"post-34363","1":"post","2":"type-post","3":"status-publish","4":"format-image","6":"category-actualidad","7":"tag-beron","8":"tag-domingo","9":"tag-entrenamiento","10":"tag-fecha-13","11":"tag-godoy-cruz","12":"tag-hernandez","13":"tag-independiente","14":"tag-mendoza","15":"tag-superliga","16":"post_format-post-format-image"},"jetpack_publicize_connections":[],"jetpack_sharing_enabled":true,"jetpack_featured_media_url":"","jetpack_shortlink":"https:\/\/wp.me\/p90W9F-8Wf","_links":{"self":[{"href":"https:\/\/www.masrojo.com.ar\/home\/wp-json\/wp\/v2\/posts\/34363"}],"collection":[{"href":"https:\/\/www.masrojo.com.ar\/home\/wp-json\/wp\/v2\/posts"}],"about":[{"href":"https:\/\/www.masrojo.com.ar\/home\/wp-json\/wp\/v2\/types\/post"}],"author":[{"embeddable":true,"href":"https:\/\/www.masrojo.com.ar\/home\/wp-json\/wp\/v2\/users\/1"}],"replies":[{"embeddable":true,"href":"https:\/\/www.masrojo.com.ar\/home\/wp-json\/wp\/v2\/comments?post=34363"}],"version-history":[{"count":0,"href":"https:\/\/www.masrojo.com.ar\/home\/wp-json\/wp\/v2\/posts\/34363\/revisions"}],"wp:attachment":[{"href":"https:\/\/www.masrojo.com.ar\/home\/wp-json\/wp\/v2\/media?parent=34363"}],"wp:term":[{"taxonomy":"category","embeddable":true,"href":"https:\/\/www.masrojo.com.ar\/home\/wp-json\/wp\/v2\/categories?post=34363"},{"taxonomy":"post_tag","embeddable":true,"href":"https:\/\/www.masrojo.com.ar\/home\/wp-json\/wp\/v2\/tags?post=34363"}],"curies":[{"name":"wp","href":"https:\/\/api.w.org\/{rel}","templated":true}]}}