{"id":34371,"date":"2019-11-07T18:45:23","date_gmt":"2019-11-07T21:45:23","guid":{"rendered":"https:\/\/www.masrojo.com.ar\/home\/?p=34371"},"modified":"2019-11-07T18:45:23","modified_gmt":"2019-11-07T21:45:23","slug":"nicolas-domingo-vuelve-a-la-titularidad","status":"publish","type":"post","link":"https:\/\/www.masrojo.com.ar\/home\/2019\/11\/07\/nicolas-domingo-vuelve-a-la-titularidad\/","title":{"rendered":"Nicol\u00e1s Domingo vuelve a la titularidad"},"content":{"rendered":"<p>Independiente enfrentar\u00e1 a <strong>Godoy Cruz<\/strong> el s\u00e1bado a las 20 en el Estadio Malvinas Argentinas por la fecha 13 de la Superliga. Fernando Ber\u00f3n buscara cortar la racha de <strong>50 a\u00f1os sin victorias en Mendoza<\/strong>.<\/p>\n<p>Con dos jugadores fuera respecto al encuentro ante San Lorenzo, <strong>Pablo P\u00e9rez<\/strong> que lleg\u00f3 a la quinta amarilla y <strong>Sebasti\u00e1n Palacios<\/strong> que fue expulsado frente al Cicl\u00f3n, y el regreso de Fabricio Bustos luego de haber cumplido su partido de sanci\u00f3n, el DT interino tendr\u00e1 que hacer un cambio obligado por lo que <strong>Nicol\u00e1s Domingo<\/strong> ingresar\u00e1\u00a0y volver\u00e1 al equipo titular despu\u00e9s de 10 partidos.<\/p>\n<p>La duda est\u00e1 entre mantener a <strong>Ju\u00e1n S\u00e1nchez Mi\u00f1o<\/strong> como lateral izquierdo o alternar con <strong>Fabricio Bustos<\/strong> en la banda derecha. Si va el Tractor, <strong>Gast\u00f3n Silva<\/strong> ocupar\u00eda el lugar de Mi\u00f1o.<\/p>\n","protected":false},"excerpt":{"rendered":"<div class=\"mh-excerpt\"><p>Independiente enfrentar\u00e1 a Godoy Cruz el s\u00e1bado a las 20 en el Estadio Malvinas Argentinas por la fecha 13 de la Superliga. Fernando Ber\u00f3n buscara cortar la racha de 50 a\u00f1os sin victorias en Mendoza. <a class=\"mh-excerpt-more\" href=\"https:\/\/www.masrojo.com.ar\/home\/2019\/11\/07\/nicolas-domingo-vuelve-a-la-titularidad\/\" title=\"Nicol\u00e1s Domingo vuelve a la titularidad\">[&#8230;]<\/a><\/p>\n<\/div>","protected":false},"author":1,"featured_media":0,"comment_status":"closed","ping_status":"closed","sticky":false,"template":"","format":"standard","meta":{"_jetpack_memberships_contains_paid_content":false,"footnotes":"","jetpack_publicize_message":"","jetpack_publicize_feature_enabled":true,"jetpack_social_post_already_shared":true,"jetpack_social_options":{"image_generator_settings":{"template":"highway","enabled":false},"version":2}},"categories":[4],"tags":[62,40,45,814,66,17,813,749,723,811,75,32],"class_list":{"0":"post-34371","1":"post","2":"type-post","3":"status-publish","4":"format-standard","6":"category-actualidad","7":"tag-beron","8":"tag-bustos","9":"tag-domingo","10":"tag-fecha-13","11":"tag-godoy-cruz","12":"tag-independiente","13":"tag-mendoza","14":"tag-mino","15":"tag-pablo-perez","16":"tag-palacios","17":"tag-silva","18":"tag-superliga"},"jetpack_publicize_connections":[],"jetpack_sharing_enabled":true,"jetpack_featured_media_url":"","jetpack_shortlink":"https:\/\/wp.me\/p90W9F-8Wn","_links":{"self":[{"href":"https:\/\/www.masrojo.com.ar\/home\/wp-json\/wp\/v2\/posts\/34371"}],"collection":[{"href":"https:\/\/www.masrojo.com.ar\/home\/wp-json\/wp\/v2\/posts"}],"about":[{"href":"https:\/\/www.masrojo.com.ar\/home\/wp-json\/wp\/v2\/types\/post"}],"author":[{"embeddable":true,"href":"https:\/\/www.masrojo.com.ar\/home\/wp-json\/wp\/v2\/users\/1"}],"replies":[{"embeddable":true,"href":"https:\/\/www.masrojo.com.ar\/home\/wp-json\/wp\/v2\/comments?post=34371"}],"version-history":[{"count":0,"href":"https:\/\/www.masrojo.com.ar\/home\/wp-json\/wp\/v2\/posts\/34371\/revisions"}],"wp:attachment":[{"href":"https:\/\/www.masrojo.com.ar\/home\/wp-json\/wp\/v2\/media?parent=34371"}],"wp:term":[{"taxonomy":"category","embeddable":true,"href":"https:\/\/www.masrojo.com.ar\/home\/wp-json\/wp\/v2\/categories?post=34371"},{"taxonomy":"post_tag","embeddable":true,"href":"https:\/\/www.masrojo.com.ar\/home\/wp-json\/wp\/v2\/tags?post=34371"}],"curies":[{"name":"wp","href":"https:\/\/api.w.org\/{rel}","templated":true}]}}