{"id":34672,"date":"2019-11-16T21:05:50","date_gmt":"2019-11-17T00:05:50","guid":{"rendered":"https:\/\/www.masrojo.com.ar\/home\/?p=34672"},"modified":"2019-11-16T21:05:50","modified_gmt":"2019-11-17T00:05:50","slug":"piensa-en-aldosivi","status":"publish","type":"post","link":"https:\/\/www.masrojo.com.ar\/home\/2019\/11\/16\/piensa-en-aldosivi\/","title":{"rendered":"Piensa en Aldosivi"},"content":{"rendered":"<p style=\"text-align: justify;\">Ber\u00f3n par\u00f3 un equipo con variantes y todo indica que el mediocampista ingresar\u00eda al equipo para el partido ante Aldosivi, posiblemente por Domingo.<\/p>\n<p style=\"text-align: justify;\">Independiente no tiene compromisos en el horizonte, pero Fernando Ber\u00f3n ya comienza a delinear el equipo que se enfrentar\u00e1 a Aldosivi el 1\u00ba de enero, en Mar del Plata, luego del fin de semana libre de la fecha 14 debido a que River, el rival de esa jornada, deber\u00e1 disputar la final de la Copa Libertadores.<\/p>\n<p style=\"text-align: justify;\">\nEn la pr\u00e1ctica matutina en el estadio, el DT par\u00f3 un equipo con algunos cambios obligados y otros que sirven como indicios sobre la pr\u00f3xima formaci\u00f3n. En principio, todo indica que Pablo P\u00e9rez volver\u00e1 a al mediocampo, y quien tiene m\u00e1s posibilidades de salir es Nicol\u00e1s Domingo.<\/p>\n<p style=\"text-align: justify;\">El equipo del entrenamiento (con Mart\u00edn Campa\u00f1a y Gast\u00f3n Silva ausentes por estar con Uruguay) fue con Milton \u00c1lvarez; Fabricio Bustos, Alan Franco, Nicol\u00e1s Figal, Juan S\u00e1nchez Mi\u00f1o; P\u00e9rez, Lucas Romero; Domingo Blanco, Mart\u00edn Ben\u00edtez, Cecilio Dom\u00ednguez; Silvio Romero.<\/p>\n","protected":false},"excerpt":{"rendered":"<div class=\"mh-excerpt\"><p>Ber\u00f3n par\u00f3 un equipo con variantes y todo indica que el mediocampista ingresar\u00eda al equipo para el partido ante Aldosivi, posiblemente por Domingo. Independiente no tiene compromisos en el horizonte, pero Fernando Ber\u00f3n ya comienza <a class=\"mh-excerpt-more\" href=\"https:\/\/www.masrojo.com.ar\/home\/2019\/11\/16\/piensa-en-aldosivi\/\" title=\"Piensa en Aldosivi\">[&#8230;]<\/a><\/p>\n<\/div>","protected":false},"author":2,"featured_media":0,"comment_status":"closed","ping_status":"closed","sticky":false,"template":"","format":"image","meta":{"_jetpack_memberships_contains_paid_content":false,"footnotes":"","jetpack_publicize_message":"","jetpack_publicize_feature_enabled":true,"jetpack_social_post_already_shared":true,"jetpack_social_options":{"image_generator_settings":{"template":"highway","enabled":false},"version":2}},"categories":[4],"tags":[],"class_list":{"0":"post-34672","1":"post","2":"type-post","3":"status-publish","4":"format-image","6":"category-actualidad","7":"post_format-post-format-image"},"jetpack_publicize_connections":[],"jetpack_sharing_enabled":true,"jetpack_featured_media_url":"","jetpack_shortlink":"https:\/\/wp.me\/p90W9F-91e","_links":{"self":[{"href":"https:\/\/www.masrojo.com.ar\/home\/wp-json\/wp\/v2\/posts\/34672"}],"collection":[{"href":"https:\/\/www.masrojo.com.ar\/home\/wp-json\/wp\/v2\/posts"}],"about":[{"href":"https:\/\/www.masrojo.com.ar\/home\/wp-json\/wp\/v2\/types\/post"}],"author":[{"embeddable":true,"href":"https:\/\/www.masrojo.com.ar\/home\/wp-json\/wp\/v2\/users\/2"}],"replies":[{"embeddable":true,"href":"https:\/\/www.masrojo.com.ar\/home\/wp-json\/wp\/v2\/comments?post=34672"}],"version-history":[{"count":0,"href":"https:\/\/www.masrojo.com.ar\/home\/wp-json\/wp\/v2\/posts\/34672\/revisions"}],"wp:attachment":[{"href":"https:\/\/www.masrojo.com.ar\/home\/wp-json\/wp\/v2\/media?parent=34672"}],"wp:term":[{"taxonomy":"category","embeddable":true,"href":"https:\/\/www.masrojo.com.ar\/home\/wp-json\/wp\/v2\/categories?post=34672"},{"taxonomy":"post_tag","embeddable":true,"href":"https:\/\/www.masrojo.com.ar\/home\/wp-json\/wp\/v2\/tags?post=34672"}],"curies":[{"name":"wp","href":"https:\/\/api.w.org\/{rel}","templated":true}]}}