{"id":34680,"date":"2019-11-16T21:28:20","date_gmt":"2019-11-17T00:28:20","guid":{"rendered":"https:\/\/www.masrojo.com.ar\/home\/?p=34680"},"modified":"2019-11-16T21:28:20","modified_gmt":"2019-11-17T00:28:20","slug":"respetamos-la-decision-de-forlan","status":"publish","type":"post","link":"https:\/\/www.masrojo.com.ar\/home\/2019\/11\/16\/respetamos-la-decision-de-forlan\/","title":{"rendered":"\u00abRespetamos la decisi\u00f3n de Forl\u00e1n\u00bb"},"content":{"rendered":"<header id=\"site-header\" class=\"\">\n<div id=\"header-wrapper\" class=\"header-sticky\">\n<div id=\"header-container\" class=\"clearfix\" style=\"text-align: justify;\"><\/div>\n<\/div>\n<\/header>\n<div id=\"main\" class=\"clearfix\">\n<div id=\"container\" class=\"clearfix\">\n<div id=\"content\" class=\"float-right\">\n<article id=\"post-71862\" class=\"single-layout clearfix post-71862 post type-post status-publish format-standard has-post-thumbnail hentry category-actualidad\">\n<div class=\"entry-content-wrapper clearfix\">\n<div class=\"entry-content-inner\">\n<div class=\"entry-content with-sidebar float-left clearfix\">\n<p style=\"text-align: justify;\"><span style=\"font-family: helvetica, arial, sans-serif;\"><em>Pablo Moyano Vicepresidente de Independiente dialog\u00f3 con los colegas de Gambeta La Plata\u00a0 acerca de la actualidad futbol\u00edstica y econ\u00f3mica del club.<\/em><\/span><\/p>\n<p style=\"text-align: justify;\"><span style=\"font-family: helvetica, arial, sans-serif;\"><em>Acerca del entrenador del Rojo declar\u00f3:\u00a0<strong>\u201cCon Beccacece fuimos a buscar al t\u00e9cnico que todo el mundo quer\u00eda pero no se dieron los resultados. Le agradecemos a Ber\u00f3n por asumir de nuevo. De parte m\u00eda estoy conforme con \u00e9l, pero veremos que decide respecto a su futuro\u201d.<\/strong><\/em><\/span><\/p>\n<p style=\"text-align: justify;\"><span style=\"font-family: helvetica, arial, sans-serif;\"><em>Con respecto a la Secretar\u00eda T\u00e9cnica dijo:\u00a0<strong>\u201cRespetamos la decisi\u00f3n de Forl\u00e1n que nos dijo que no, le ofrecimos lo que quer\u00edamos pero ten\u00eda otros planes y lo aceptamos. La semana que viene ya volveremos a hablar con otros candidatos que tenemos en mente, algunos del ri\u00f1\u00f3n del club y otros no\u201d.<\/strong><\/em><\/span><\/p>\n<p style=\"text-align: justify;\"><span style=\"font-family: helvetica, arial, sans-serif;\"><em>El tema econ\u00f3mico est\u00e1 muy complicado en el club y cuando se toc\u00f3 el tema respondi\u00f3:\u00a0<strong>\u201cEl socio sabe que tuvimos algunos errores pero que nunca le mentimos. La campa\u00f1a desde AFA y Gobierno se tiene que terminar, se han mezclado temas pol\u00edticos y deportivos\u201d<\/strong>. Luego habl\u00f3 de una nota que sac\u00f3 ayer el Diario Ol\u00e9:\u00a0<strong>\u201cSabemos que muchos medios no quieren a los Moyano en Independiente. El periodista que sac\u00f3 la nota minti\u00f3 con deudas que no existen. Ya lo habl\u00e9 con \u00e9l y le expliqu\u00e9 como fue el pago del pase de Silva, Dom\u00ednguez y Amorebieta\u201d.<\/strong><\/em><\/span><\/p>\n<p style=\"text-align: justify;\"><span style=\"font-family: helvetica, arial, sans-serif;\"><em>Siguiendo con el mismo tema agreg\u00f3:\u00a0<strong>\u201cAl comprar jugadores en cuotas, tambi\u00e9n se vende de la misma manera y a la vez hay equipos que nos deben. Eso a veces atrasa los pagos\u201d<\/strong>. \u00bfEsto va a obligar al club a vender a muchos de los jugadores? Sobre esto dijo:\u00a0<strong>\u201cImprescindible no hay nadie, veremos que ofertas llegan y analizaremos. Tambi\u00e9n hay una realidad econ\u00f3mica donde los jugadores prefieren emigrar\u201d.<\/strong><\/em><\/span><\/p>\n<p><iframe loading=\"lazy\" src=\"https:\/\/www.youtube.com\/embed\/PSEzeSKm7MM\" width=\"560\" height=\"315\" frameborder=\"0\" allowfullscreen=\"allowfullscreen\"><\/iframe><\/p>\n<\/div>\n<\/div>\n<\/div>\n<\/article>\n<\/div>\n<\/div>\n<\/div>\n","protected":false},"excerpt":{"rendered":"<div class=\"mh-excerpt\"><p>Pablo Moyano Vicepresidente de Independiente dialog\u00f3 con los colegas de Gambeta La Plata\u00a0 acerca de la actualidad futbol\u00edstica y econ\u00f3mica del club. Acerca del entrenador del Rojo declar\u00f3:\u00a0\u201cCon Beccacece fuimos a buscar al t\u00e9cnico que <a class=\"mh-excerpt-more\" href=\"https:\/\/www.masrojo.com.ar\/home\/2019\/11\/16\/respetamos-la-decision-de-forlan\/\" title=\"\u00abRespetamos la decisi\u00f3n de Forl\u00e1n\u00bb\">[&#8230;]<\/a><\/p>\n<\/div>","protected":false},"author":6,"featured_media":30710,"comment_status":"closed","ping_status":"closed","sticky":false,"template":"","format":"standard","meta":{"_jetpack_memberships_contains_paid_content":false,"footnotes":"","jetpack_publicize_message":"","jetpack_publicize_feature_enabled":true,"jetpack_social_post_already_shared":true,"jetpack_social_options":{"image_generator_settings":{"template":"highway","enabled":false},"version":2}},"categories":[4],"tags":[],"class_list":{"0":"post-34680","1":"post","2":"type-post","3":"status-publish","4":"format-standard","5":"has-post-thumbnail","7":"category-actualidad"},"jetpack_publicize_connections":[],"jetpack_sharing_enabled":true,"jetpack_featured_media_url":"https:\/\/i0.wp.com\/www.masrojo.com.ar\/home\/wp-content\/uploads\/PM..jpg?fit=930%2C525&ssl=1","jetpack_shortlink":"https:\/\/wp.me\/p90W9F-91m","_links":{"self":[{"href":"https:\/\/www.masrojo.com.ar\/home\/wp-json\/wp\/v2\/posts\/34680"}],"collection":[{"href":"https:\/\/www.masrojo.com.ar\/home\/wp-json\/wp\/v2\/posts"}],"about":[{"href":"https:\/\/www.masrojo.com.ar\/home\/wp-json\/wp\/v2\/types\/post"}],"author":[{"embeddable":true,"href":"https:\/\/www.masrojo.com.ar\/home\/wp-json\/wp\/v2\/users\/6"}],"replies":[{"embeddable":true,"href":"https:\/\/www.masrojo.com.ar\/home\/wp-json\/wp\/v2\/comments?post=34680"}],"version-history":[{"count":0,"href":"https:\/\/www.masrojo.com.ar\/home\/wp-json\/wp\/v2\/posts\/34680\/revisions"}],"wp:featuredmedia":[{"embeddable":true,"href":"https:\/\/www.masrojo.com.ar\/home\/wp-json\/wp\/v2\/media\/30710"}],"wp:attachment":[{"href":"https:\/\/www.masrojo.com.ar\/home\/wp-json\/wp\/v2\/media?parent=34680"}],"wp:term":[{"taxonomy":"category","embeddable":true,"href":"https:\/\/www.masrojo.com.ar\/home\/wp-json\/wp\/v2\/categories?post=34680"},{"taxonomy":"post_tag","embeddable":true,"href":"https:\/\/www.masrojo.com.ar\/home\/wp-json\/wp\/v2\/tags?post=34680"}],"curies":[{"name":"wp","href":"https:\/\/api.w.org\/{rel}","templated":true}]}}