{"id":34687,"date":"2019-11-17T23:13:12","date_gmt":"2019-11-18T02:13:12","guid":{"rendered":"https:\/\/www.masrojo.com.ar\/home\/?p=34687"},"modified":"2019-11-17T23:45:59","modified_gmt":"2019-11-18T02:45:59","slug":"los-que-toman-decisiones-se-nublaron-estamos-a-la-deriva","status":"publish","type":"post","link":"https:\/\/www.masrojo.com.ar\/home\/2019\/11\/17\/los-que-toman-decisiones-se-nublaron-estamos-a-la-deriva\/","title":{"rendered":"DAMIANI: \u00abLOS QUE TOMAN DECISIONES SE NUBLARON, ESTAMOS A LA DERIVA\u00bb"},"content":{"rendered":"<p style=\"text-align: justify;\"><span style=\"font-family: helvetica, arial, sans-serif;\"><em>El secretario deportivo del club Jorge Damiani habl\u00f3 en Independiente de Am\u00e9rica y apunt\u00f3 a las malas decisiones de la directiva en la cabeza de Hugo y Pablo Moyano.<\/em><\/span><\/p>\n<p style=\"text-align: justify;\"><span style=\"font-family: helvetica, arial, sans-serif;\"><em><strong>\u00abEn los \u00faltimos 2 o 3 a\u00f1os no vi hacer goles de jugadas preparadas, de pelotas paradas. Somos muy predecibles\u00bb<\/strong>, afirm\u00f3 Damiani<\/em><\/span><\/p>\n<p style=\"text-align: justify;\"><span style=\"font-family: helvetica, arial, sans-serif;\"><em>Sobre la llegada de Ber\u00f3n al plantel de primera dijo que<strong> \u00abLe tenemos mucho aprecio a Ber\u00f3n y le brindamos mucho apoyo. Se descomprimi\u00f3 mucho el vestuario\u00bb.<\/strong><\/em><\/span><\/p>\n<p style=\"text-align: justify;\"><span style=\"font-family: helvetica, arial, sans-serif;\"><em>Sobre la pol\u00cdtica de refuerzos para el futuro dijo que <strong>\u00abVa a ser sumamente dif\u00edcil que podamos incorporar jugadores del nivel que quisi\u00e9ramos traer. Vendr\u00e1 alguno a pr\u00e9stamo o libre\u00bb.<\/strong><\/em><\/span><\/p>\n<p style=\"text-align: justify;\"><span style=\"font-family: helvetica, arial, sans-serif;\"><em>Y critic\u00f3 duramente las decisiones toadas de hace 2 a\u00f1os para ac\u00e1: <strong>\u00abLos que toman decisiones deber\u00e1n tener que dar la cara diciendo cual es la realidad del club y que se va a apostar a los juveniles. M\u00e1s all\u00e1 del problema del d\u00f3lar, hay que mirar m\u00e1s atr\u00e1s y pensar por qu\u00e9 se le dio las llaves del club al t\u00e9cnico y su representante (por Holan e Hidalgo) y firmando contratos millonarios e impagables\u00bb.<\/strong><\/em><\/span><\/p>\n<p style=\"text-align: justify;\"><span style=\"font-family: helvetica, arial, sans-serif;\"><em>Y agreg\u00f3 que <strong>\u00abNo aprendimos la experiencia de ese a\u00f1o y medio de terror, y vino Beccacece y cometemos los mismos errores, traemos jugadores que son rechazados por sus clubes por mucha plata. Barboza puede ser el mejor defensor, el nuevo Passarella, pero no puedo pagar esa cantidad de dinero con el problema econ\u00f3mico que tenemos. Juega Barreto y se termin\u00f3. No tuvimos la sensibilidad de darnos cuenta de firmar contratos alto por un representante nos jug\u00f3 en contra en la econom\u00eda y en el vestuario porque hay compa\u00f1eros que cobran mucho menos y encima tienen 2 o 3 sueldos atrasados\u00bb.<\/strong><\/em><\/span><\/p>\n<p style=\"text-align: justify;\"><span style=\"font-family: helvetica, arial, sans-serif;\"><em>Sobre la negativa de Forl\u00e1n dijo que <strong>\u00abM\u00e1s all\u00e1 que Forl\u00e1n tiene ganas de dirigir, supo de la situaci\u00f3n del club y eso jug\u00f3 en contra. Sabe que no iba a haber un mercado de pases importante y su proyecto no iba a poder avanzar\u00bb.<\/strong><\/em><\/span><\/p>\n<p style=\"text-align: justify;\"><span style=\"font-family: helvetica, arial, sans-serif;\"><em>\u00abHay jugadores que me llaman y me dicen que no pueden pagar el alquiler.<strong> No se si Pablo (Moyano) no est\u00e1 preocupado, pero yo si\u00bb<\/strong>, sentenci\u00f3. Y agreg\u00f3 que<strong> \u00abQu\u00e9 le voy a decir al capit\u00e1n o a los referentes? Si me dicen ten\u00e9s novedades de lo nuestro? Hoy no podemos dar respuestas. La plata no est\u00e1\u00bb.<\/strong><\/em><\/span><\/p>\n<p style=\"text-align: justify;\"><span style=\"font-family: helvetica, arial, sans-serif;\"><em>Y le apunt\u00f3 directamente a Hugo y Pablo Moyano:<strong> \u00abLas personas que toman las decisiones se nublaron y se olvidaron como tomamos el club y todos juntos pusimos el pecho. Estamos a la deriva\u00bb<\/strong><\/em><\/span><\/p>\n<p><iframe loading=\"lazy\" src=\"\/\/radiocut.fm\/audiocut\/embed\/mini\/independiente-damiani-estamos-a-deriva\/\" width=\"100%\" height=\"65px\" frameborder=\"no\" scrolling=\"no\"><\/iframe><\/p>\n","protected":false},"excerpt":{"rendered":"<div class=\"mh-excerpt\"><p>El secretario deportivo del club Jorge Damiani habl\u00f3 en Independiente de Am\u00e9rica y apunt\u00f3 a las malas decisiones de la directiva en la cabeza de Hugo y Pablo Moyano. \u00abEn los \u00faltimos 2 o 3 <a class=\"mh-excerpt-more\" href=\"https:\/\/www.masrojo.com.ar\/home\/2019\/11\/17\/los-que-toman-decisiones-se-nublaron-estamos-a-la-deriva\/\" title=\"DAMIANI: \u00abLOS QUE TOMAN DECISIONES SE NUBLARON, ESTAMOS A LA DERIVA\u00bb\">[&#8230;]<\/a><\/p>\n<\/div>","protected":false},"author":6,"featured_media":34698,"comment_status":"closed","ping_status":"closed","sticky":false,"template":"","format":"audio","meta":{"_jetpack_memberships_contains_paid_content":false,"footnotes":"","jetpack_publicize_message":"","jetpack_publicize_feature_enabled":true,"jetpack_social_post_already_shared":true,"jetpack_social_options":{"image_generator_settings":{"template":"highway","enabled":false},"version":2}},"categories":[4],"tags":[],"class_list":{"0":"post-34687","1":"post","2":"type-post","3":"status-publish","4":"format-audio","5":"has-post-thumbnail","7":"category-actualidad","8":"post_format-post-format-audio"},"jetpack_publicize_connections":[],"jetpack_sharing_enabled":true,"jetpack_featured_media_url":"https:\/\/i0.wp.com\/www.masrojo.com.ar\/home\/wp-content\/uploads\/720.jpeg?fit=1016%2C720&ssl=1","jetpack_shortlink":"https:\/\/wp.me\/p90W9F-91t","_links":{"self":[{"href":"https:\/\/www.masrojo.com.ar\/home\/wp-json\/wp\/v2\/posts\/34687"}],"collection":[{"href":"https:\/\/www.masrojo.com.ar\/home\/wp-json\/wp\/v2\/posts"}],"about":[{"href":"https:\/\/www.masrojo.com.ar\/home\/wp-json\/wp\/v2\/types\/post"}],"author":[{"embeddable":true,"href":"https:\/\/www.masrojo.com.ar\/home\/wp-json\/wp\/v2\/users\/6"}],"replies":[{"embeddable":true,"href":"https:\/\/www.masrojo.com.ar\/home\/wp-json\/wp\/v2\/comments?post=34687"}],"version-history":[{"count":0,"href":"https:\/\/www.masrojo.com.ar\/home\/wp-json\/wp\/v2\/posts\/34687\/revisions"}],"wp:featuredmedia":[{"embeddable":true,"href":"https:\/\/www.masrojo.com.ar\/home\/wp-json\/wp\/v2\/media\/34698"}],"wp:attachment":[{"href":"https:\/\/www.masrojo.com.ar\/home\/wp-json\/wp\/v2\/media?parent=34687"}],"wp:term":[{"taxonomy":"category","embeddable":true,"href":"https:\/\/www.masrojo.com.ar\/home\/wp-json\/wp\/v2\/categories?post=34687"},{"taxonomy":"post_tag","embeddable":true,"href":"https:\/\/www.masrojo.com.ar\/home\/wp-json\/wp\/v2\/tags?post=34687"}],"curies":[{"name":"wp","href":"https:\/\/api.w.org\/{rel}","templated":true}]}}