{"id":34700,"date":"2019-11-18T22:34:59","date_gmt":"2019-11-19T01:34:59","guid":{"rendered":"https:\/\/www.masrojo.com.ar\/home\/?p=34700"},"modified":"2019-11-18T22:34:59","modified_gmt":"2019-11-19T01:34:59","slug":"el-rojo-puede-ir-al-mundial-de-clubes","status":"publish","type":"post","link":"https:\/\/www.masrojo.com.ar\/home\/2019\/11\/18\/el-rojo-puede-ir-al-mundial-de-clubes\/","title":{"rendered":"\u00bfEL ROJO PUEDE IR AL MUNDIAL DE CLUBES?"},"content":{"rendered":"<p style=\"text-align: justify;\">Forl\u00e1n y un gui\u00f1o al Rojo: \u00abTengo l\u00ednea directa con Infantino, hablar\u00eda por el Mundial de Clubes\u00bb<\/p>\n<p style=\"text-align: justify;\">El ex delantero, que recientemente rechaz\u00f3 la oferta para ser m\u00e1nager de Independiente, dijo que charlar\u00eda con el mandam\u00e1s de la FIFA para que el de Avellaneda diga presente en 2021. \u00abPor algo es el Rey de Copas\u00bb, justific\u00f3.<br \/>\nForl\u00e1n y un gui\u00f1o al Rojo: &#8216;Tengo l\u00ednea directa con Infantino, hablar\u00eda por el Mundial de Clubes&#8217;<br \/>\nDiego Forl\u00e1n volvi\u00f3 a referirse este lunes a su fallido desembarco en Independiente como secretario t\u00e9cnico, y ratific\u00f3 su cari\u00f1o por el club pese a no poder sumarse en este momento.<\/p>\n<p style=\"text-align: justify;\">En ese sentido, en di\u00e1logo con DirecTV, sorprendi\u00f3 con una revelaci\u00f3n sobre sus contactos y lo que har\u00eda por el Rojo. \u00abTengo l\u00ednea directa con (el presidente de la FIFA, Gianni) Infantino y si de Independiente me piden hablar\u00eda por el Mundial de Clubes 2021, por algo es el Rey de Copas\u00bb, asegur\u00f3, con la intenci\u00f3n de garantizar la presencia del equipo en una nueva versi\u00f3n del certamen.<\/p>\n<div style=\"width: 480px;\" class=\"wp-video\"><!--[if lt IE 9]><script>document.createElement('video');<\/script><![endif]-->\n<video class=\"wp-video-shortcode\" id=\"video-34700-1\" width=\"480\" height=\"270\" preload=\"metadata\" controls=\"controls\"><source type=\"video\/mp4\" src=\"https:\/\/www.masrojo.com.ar\/home\/wp-content\/uploads\/M4QFCo0XojdLVUJQ.mp4?_=1\" \/><a href=\"https:\/\/www.masrojo.com.ar\/home\/wp-content\/uploads\/M4QFCo0XojdLVUJQ.mp4\">https:\/\/www.masrojo.com.ar\/home\/wp-content\/uploads\/M4QFCo0XojdLVUJQ.mp4<\/a><\/video><\/div>\n<p style=\"text-align: justify;\">Despu\u00e9s, ratific\u00f3 que su deseo en este presente es convertirse en t\u00e9cnico: \u00abSi me hubieran ofrecido ser el entrenador, habr\u00eda aceptado encantado. Pero la propuesta inicial de Independiente fue para ser m\u00e1nager, por lo que un cambio hablar\u00eda mal de ellos\u00bb. Y cerr\u00f3: \u00abMe gustar\u00eda ser t\u00e9cnico de Independiente alg\u00fan d\u00eda\u00bb.<\/p>\n<div style=\"width: 480px;\" class=\"wp-video\"><video class=\"wp-video-shortcode\" id=\"video-34700-2\" width=\"480\" height=\"270\" preload=\"metadata\" controls=\"controls\"><source type=\"video\/mp4\" src=\"https:\/\/www.masrojo.com.ar\/home\/wp-content\/uploads\/oWrU5ehtn1ZB0GY6.mp4?_=2\" \/><a href=\"https:\/\/www.masrojo.com.ar\/home\/wp-content\/uploads\/oWrU5ehtn1ZB0GY6.mp4\">https:\/\/www.masrojo.com.ar\/home\/wp-content\/uploads\/oWrU5ehtn1ZB0GY6.mp4<\/a><\/video><\/div>\n","protected":false},"excerpt":{"rendered":"<div class=\"mh-excerpt\"><p>Forl\u00e1n y un gui\u00f1o al Rojo: \u00abTengo l\u00ednea directa con Infantino, hablar\u00eda por el Mundial de Clubes\u00bb El ex delantero, que recientemente rechaz\u00f3 la oferta para ser m\u00e1nager de Independiente, dijo que charlar\u00eda con el <a class=\"mh-excerpt-more\" href=\"https:\/\/www.masrojo.com.ar\/home\/2019\/11\/18\/el-rojo-puede-ir-al-mundial-de-clubes\/\" title=\"\u00bfEL ROJO PUEDE IR AL MUNDIAL DE CLUBES?\">[&#8230;]<\/a><\/p>\n<\/div>","protected":false},"author":6,"featured_media":0,"comment_status":"closed","ping_status":"closed","sticky":false,"template":"","format":"video","meta":{"_jetpack_memberships_contains_paid_content":false,"footnotes":"","jetpack_publicize_message":"","jetpack_publicize_feature_enabled":true,"jetpack_social_post_already_shared":true,"jetpack_social_options":{"image_generator_settings":{"template":"highway","enabled":false},"version":2}},"categories":[4],"tags":[],"class_list":{"0":"post-34700","1":"post","2":"type-post","3":"status-publish","4":"format-video","6":"category-actualidad","7":"post_format-post-format-video"},"jetpack_publicize_connections":[],"jetpack_sharing_enabled":true,"jetpack_featured_media_url":"","jetpack_shortlink":"https:\/\/wp.me\/p90W9F-91G","_links":{"self":[{"href":"https:\/\/www.masrojo.com.ar\/home\/wp-json\/wp\/v2\/posts\/34700"}],"collection":[{"href":"https:\/\/www.masrojo.com.ar\/home\/wp-json\/wp\/v2\/posts"}],"about":[{"href":"https:\/\/www.masrojo.com.ar\/home\/wp-json\/wp\/v2\/types\/post"}],"author":[{"embeddable":true,"href":"https:\/\/www.masrojo.com.ar\/home\/wp-json\/wp\/v2\/users\/6"}],"replies":[{"embeddable":true,"href":"https:\/\/www.masrojo.com.ar\/home\/wp-json\/wp\/v2\/comments?post=34700"}],"version-history":[{"count":0,"href":"https:\/\/www.masrojo.com.ar\/home\/wp-json\/wp\/v2\/posts\/34700\/revisions"}],"wp:attachment":[{"href":"https:\/\/www.masrojo.com.ar\/home\/wp-json\/wp\/v2\/media?parent=34700"}],"wp:term":[{"taxonomy":"category","embeddable":true,"href":"https:\/\/www.masrojo.com.ar\/home\/wp-json\/wp\/v2\/categories?post=34700"},{"taxonomy":"post_tag","embeddable":true,"href":"https:\/\/www.masrojo.com.ar\/home\/wp-json\/wp\/v2\/tags?post=34700"}],"curies":[{"name":"wp","href":"https:\/\/api.w.org\/{rel}","templated":true}]}}