{"id":34719,"date":"2019-11-18T19:01:01","date_gmt":"2019-11-18T22:01:01","guid":{"rendered":"https:\/\/www.masrojo.com.ar\/home\/?p=34719"},"modified":"2019-11-18T23:01:23","modified_gmt":"2019-11-19T02:01:23","slug":"sin-feriado-2","status":"publish","type":"post","link":"https:\/\/www.masrojo.com.ar\/home\/2019\/11\/18\/sin-feriado-2\/","title":{"rendered":"SIN FERIADO"},"content":{"rendered":"<p>Independiente se entren\u00f3 en el predio de Villa Dom\u00ednico para comenzar la semana.<\/p>\n<p>El entrenamiento consisti\u00f3 en ejercicios f\u00edsicos, pr\u00e1cticas de posesi\u00f3n y precisi\u00f3n en espacios reducidos, trabajos t\u00e1cticos y combinaciones de ataque.<\/p>\n<p>Pablo Hern\u00e1ndez se entren\u00f3 de manera diferenciada y Alan Velasco se reincorpor\u00f3 al grupo tras su participaci\u00f3n en el Mundial Sub-17 con la Selecci\u00f3n Argentina.<\/p>\n<p>El equipo volver\u00e1 a entrenarse ma\u00f1ana desde las 9 hs en Villa Dom\u00ednico.<\/p>\n","protected":false},"excerpt":{"rendered":"<div class=\"mh-excerpt\"><p>Independiente se entren\u00f3 en el predio de Villa Dom\u00ednico para comenzar la semana. El entrenamiento consisti\u00f3 en ejercicios f\u00edsicos, pr\u00e1cticas de posesi\u00f3n y precisi\u00f3n en espacios reducidos, trabajos t\u00e1cticos y combinaciones de ataque. Pablo Hern\u00e1ndez <a class=\"mh-excerpt-more\" href=\"https:\/\/www.masrojo.com.ar\/home\/2019\/11\/18\/sin-feriado-2\/\" title=\"SIN FERIADO\">[&#8230;]<\/a><\/p>\n<\/div>","protected":false},"author":6,"featured_media":0,"comment_status":"closed","ping_status":"closed","sticky":false,"template":"","format":"image","meta":{"_jetpack_memberships_contains_paid_content":false,"footnotes":"","jetpack_publicize_message":"","jetpack_publicize_feature_enabled":true,"jetpack_social_post_already_shared":true,"jetpack_social_options":{"image_generator_settings":{"template":"highway","enabled":false},"version":2}},"categories":[4],"tags":[],"class_list":{"0":"post-34719","1":"post","2":"type-post","3":"status-publish","4":"format-image","6":"category-actualidad","7":"post_format-post-format-image"},"jetpack_publicize_connections":[],"jetpack_sharing_enabled":true,"jetpack_featured_media_url":"","jetpack_shortlink":"https:\/\/wp.me\/p90W9F-91Z","_links":{"self":[{"href":"https:\/\/www.masrojo.com.ar\/home\/wp-json\/wp\/v2\/posts\/34719"}],"collection":[{"href":"https:\/\/www.masrojo.com.ar\/home\/wp-json\/wp\/v2\/posts"}],"about":[{"href":"https:\/\/www.masrojo.com.ar\/home\/wp-json\/wp\/v2\/types\/post"}],"author":[{"embeddable":true,"href":"https:\/\/www.masrojo.com.ar\/home\/wp-json\/wp\/v2\/users\/6"}],"replies":[{"embeddable":true,"href":"https:\/\/www.masrojo.com.ar\/home\/wp-json\/wp\/v2\/comments?post=34719"}],"version-history":[{"count":0,"href":"https:\/\/www.masrojo.com.ar\/home\/wp-json\/wp\/v2\/posts\/34719\/revisions"}],"wp:attachment":[{"href":"https:\/\/www.masrojo.com.ar\/home\/wp-json\/wp\/v2\/media?parent=34719"}],"wp:term":[{"taxonomy":"category","embeddable":true,"href":"https:\/\/www.masrojo.com.ar\/home\/wp-json\/wp\/v2\/categories?post=34719"},{"taxonomy":"post_tag","embeddable":true,"href":"https:\/\/www.masrojo.com.ar\/home\/wp-json\/wp\/v2\/tags?post=34719"}],"curies":[{"name":"wp","href":"https:\/\/api.w.org\/{rel}","templated":true}]}}