{"id":34733,"date":"2019-11-18T23:53:17","date_gmt":"2019-11-19T02:53:17","guid":{"rendered":"https:\/\/www.masrojo.com.ar\/home\/?p=34733"},"modified":"2019-11-19T00:26:10","modified_gmt":"2019-11-19T03:26:10","slug":"hay-atrasos-en-los-sueldos-como-en-cualquier-empresa","status":"publish","type":"post","link":"https:\/\/www.masrojo.com.ar\/home\/2019\/11\/18\/hay-atrasos-en-los-sueldos-como-en-cualquier-empresa\/","title":{"rendered":"\u00abHAY ATRASOS EN LOS SUELDOS COMO EN CUALQUIER EMPRESA\u00bb"},"content":{"rendered":"<p style=\"text-align: justify;\"><em>Pablo Moyano le respondi\u00f3 a Jorge Damiani sobre las deudas y atrasos en los pagos de los sueldos de los jugadores.<\/em><\/p>\n<p style=\"text-align: justify;\"><em><strong>\u00abMe comentaron algo sobre las declaraciones de Damiani, pero no le voy a dar trascendencia a alguien que no la merece\u00bb<\/strong>, dijo Pablo Moyano. Y le tir\u00f3 directamente a Damiani: <strong>\u00abCuando nadie quer\u00eda poner las bolas por el club, fue Hugo (Moyano) y lo levant\u00f3. Cuando hubo que poner el pecho por Independiente, muchos se comportaron como cagones\u00bb.<\/strong><\/em><\/p>\n<p style=\"text-align: justify;\"><em>Sobre las deudas el vicepresidente de Independiente y sindicalista defensor de los trabajadores sorprendi\u00f3 diciendo que <strong>\u00abEs normal que se deban y haya atrasos en los sueldos en unos d\u00edas m\u00e1s como pasa en cualquier empresa. El plantel est\u00e1 tranquilo y habla con el presidente por el pago de los sueldos\u00bb.<\/strong><\/em><\/p>\n<p style=\"text-align: justify;\"><em>Sobre las deudas mencionadas por Damiani dijo que <strong>\u00abHugo (Moyano) no va a hacer nada para perjudicar a Independiente. Que el Socio se quede tranquilo, no vamos a hipotecar el club\u00bb.<\/strong><\/em><\/p>\n<p style=\"text-align: justify;\"><em>\u00abNo han llegado ofertas concretas por ning\u00fan jugador de Independiente. A veces nos critican por c\u00f3mo se desarm\u00f3 el equipo del 2017, pero algunos de esos jugadores quer\u00edan salir para hacer una diferencia econ\u00f3mica. Independiente no va a regalar a sus jugadores ni el club se va a hipotecar\u00bb, afirm\u00f3.<\/em><\/p>\n<p style=\"text-align: justify;\"><em><strong>\u00abSe deben dos cuotas del pago de Silvio Romero. Y hay una apelaci\u00f3n por la deuda del uruguayo Silva\u00bb<\/strong>, afirm\u00f3.<\/em><\/p>\n<p style=\"text-align: justify;\"><em>En cuanto a la situaci\u00f3n de Ber\u00f3n y el plantel dijo que <strong>\u00abA fin de a\u00f1o se analizar\u00e1 el trabajo que hizo Fernando (Ber\u00f3n) y se ver\u00e1 si contin\u00faa o no como DT. El mercado de pases se analizar\u00e1 junto con el entrenador. Si a Ber\u00f3n le va bien y desea seguir, lo bancaremos como \u00e9l nos banc\u00f3 a nosotros cuando lo necesitamos\u00bb.<\/strong><\/em><\/p>\n<p><em>Sobre la negativa de Forl\u00e1n dijo que <strong>\u00abCuando nos juntamos con Forl\u00e1n nos coment\u00f3 sobre sus ganas de dirigir. Ojal\u00e1 le vaya bien, tal vez en un futuro pueda ser el entrenador de Independiente. Nunca habl\u00e9 con Cambiasso. Ser\u00eda un orgullo poder tenerlo en el club, pero es muy dif\u00edcil porque tiene toda su vida en Europa. Hablamos con Kohan para ver si exist\u00eda una posibilidad de volver a sumarlo, pero \u00e9l trabaja como parte del cuerpo t\u00e9cnico de Hern\u00e1n Crespo<\/strong>\u00ab.<\/em><\/p>\n<p style=\"text-align: justify;\"><em>Tambi\u00e9n habl\u00f3 de la aparici\u00f3n de Ritondo y Ducatenzeiler y las aspiraciones pol\u00edticas:<strong> \u00abSi se juntan Ritondo, Damiani y Ducatenzeiler en una f\u00f3rmula, \u00bfcu\u00e1l ser\u00eda el problema? Si la gente cree en ellos, los votar\u00e1&#8230;El Socio es el que tiene la \u00faltima palabra. Yo camino todo el pa\u00eds y hay hinchas de Independiente por todos lados. Cuando no se dan los resultados, demuestran bronca. Pero en general nos agradecen por todo lo que hicimos en el club\u00bb.<\/strong><\/em><\/p>\n<p><iframe loading=\"lazy\" src=\"\/\/radiocut.fm\/audiocut\/embed\/mini\/pablo-moyano-en-orgullorojo-18-noviembre-2019\/\" width=\"100%\" height=\"65px\" frameborder=\"no\" scrolling=\"no\"><\/iframe><\/p>\n","protected":false},"excerpt":{"rendered":"<div class=\"mh-excerpt\"><p>Pablo Moyano le respondi\u00f3 a Jorge Damiani sobre las deudas y atrasos en los pagos de los sueldos de los jugadores. \u00abMe comentaron algo sobre las declaraciones de Damiani, pero no le voy a dar <a class=\"mh-excerpt-more\" href=\"https:\/\/www.masrojo.com.ar\/home\/2019\/11\/18\/hay-atrasos-en-los-sueldos-como-en-cualquier-empresa\/\" title=\"\u00abHAY ATRASOS EN LOS SUELDOS COMO EN CUALQUIER EMPRESA\u00bb\">[&#8230;]<\/a><\/p>\n<\/div>","protected":false},"author":6,"featured_media":30710,"comment_status":"closed","ping_status":"closed","sticky":false,"template":"","format":"image","meta":{"_jetpack_memberships_contains_paid_content":false,"footnotes":"","jetpack_publicize_message":"","jetpack_publicize_feature_enabled":true,"jetpack_social_post_already_shared":true,"jetpack_social_options":{"image_generator_settings":{"template":"highway","enabled":false},"version":2}},"categories":[4],"tags":[],"class_list":{"0":"post-34733","1":"post","2":"type-post","3":"status-publish","4":"format-image","5":"has-post-thumbnail","7":"category-actualidad","8":"post_format-post-format-image"},"jetpack_publicize_connections":[],"jetpack_sharing_enabled":true,"jetpack_featured_media_url":"https:\/\/i0.wp.com\/www.masrojo.com.ar\/home\/wp-content\/uploads\/PM..jpg?fit=930%2C525&ssl=1","jetpack_shortlink":"https:\/\/wp.me\/p90W9F-92d","_links":{"self":[{"href":"https:\/\/www.masrojo.com.ar\/home\/wp-json\/wp\/v2\/posts\/34733"}],"collection":[{"href":"https:\/\/www.masrojo.com.ar\/home\/wp-json\/wp\/v2\/posts"}],"about":[{"href":"https:\/\/www.masrojo.com.ar\/home\/wp-json\/wp\/v2\/types\/post"}],"author":[{"embeddable":true,"href":"https:\/\/www.masrojo.com.ar\/home\/wp-json\/wp\/v2\/users\/6"}],"replies":[{"embeddable":true,"href":"https:\/\/www.masrojo.com.ar\/home\/wp-json\/wp\/v2\/comments?post=34733"}],"version-history":[{"count":0,"href":"https:\/\/www.masrojo.com.ar\/home\/wp-json\/wp\/v2\/posts\/34733\/revisions"}],"wp:featuredmedia":[{"embeddable":true,"href":"https:\/\/www.masrojo.com.ar\/home\/wp-json\/wp\/v2\/media\/30710"}],"wp:attachment":[{"href":"https:\/\/www.masrojo.com.ar\/home\/wp-json\/wp\/v2\/media?parent=34733"}],"wp:term":[{"taxonomy":"category","embeddable":true,"href":"https:\/\/www.masrojo.com.ar\/home\/wp-json\/wp\/v2\/categories?post=34733"},{"taxonomy":"post_tag","embeddable":true,"href":"https:\/\/www.masrojo.com.ar\/home\/wp-json\/wp\/v2\/tags?post=34733"}],"curies":[{"name":"wp","href":"https:\/\/api.w.org\/{rel}","templated":true}]}}