{"id":34743,"date":"2019-11-19T00:23:43","date_gmt":"2019-11-19T03:23:43","guid":{"rendered":"https:\/\/www.masrojo.com.ar\/home\/?p=34743"},"modified":"2019-11-19T00:23:43","modified_gmt":"2019-11-19T03:23:43","slug":"ahora-son-todos-hinchas-del-futsal","status":"publish","type":"post","link":"https:\/\/www.masrojo.com.ar\/home\/2019\/11\/19\/ahora-son-todos-hinchas-del-futsal\/","title":{"rendered":"\u00abAHORA SON TODOS HINCHAS DEL FUTSAL\u00bb"},"content":{"rendered":"<p style=\"text-align: justify;\">El futsal de Independiente descendi\u00f3 de categor\u00eda mientras, Camioneros ascendi\u00f3 a primera divisi\u00f3n.<\/p>\n<p style=\"text-align: justify;\">En las redes sociales el tema estall\u00f3 porque se lo vio a Hugo y Pablo Moyano festejando el ascenso de Camioneros. El punto es que <span class=\"css-901oao css-16my406 r-1qd0xha r-ad9z0x r-bcqeeo r-qvutc0\">4 jugadores del futsal de <\/span><span class=\"css-901oao css-16my406 r-1qd0xha r-vw2c0b r-ad9z0x r-bcqeeo r-qvutc0\">Independiente<\/span><span class=\"css-901oao css-16my406 r-1qd0xha r-ad9z0x r-bcqeeo r-qvutc0\"> (uno me dicen casi pisando selecci\u00f3n) pasaron a <\/span><span class=\"css-901oao css-16my406 r-1qd0xha r-vw2c0b r-ad9z0x r-bcqeeo r-qvutc0\">camioneros<\/span><span class=\"css-901oao css-16my406 r-1qd0xha r-ad9z0x r-bcqeeo r-qvutc0\">. <\/span><span class=\"css-901oao css-16my406 r-1qd0xha r-vw2c0b r-ad9z0x r-bcqeeo r-qvutc0\">Independiente<\/span><span class=\"css-901oao css-16my406 r-1qd0xha r-ad9z0x r-bcqeeo r-qvutc0\"> descendi\u00f3, <\/span><span class=\"css-901oao css-16my406 r-1qd0xha r-vw2c0b r-ad9z0x r-bcqeeo r-qvutc0\">Camioneros<\/span><span class=\"css-901oao css-16my406 r-1qd0xha r-ad9z0x r-bcqeeo r-qvutc0\"> ascendi\u00f3. Los jugadores son Ren\u00e9 Camargo, Pablo Pintos y los hermanos Lucas y Mart\u00edn Coca.<\/span><\/p>\n<p style=\"text-align: justify;\">En Orgullo Rojo el presidente de Deportivo Camioneros y vice presidente de Independiente Pablo Moyano minimiz\u00f3 la cuesti\u00f3n del descenso de Independiente en el Futsal<strong> <span class=\"css-901oao css-16my406 r-1qd0xha r-ad9z0x r-bcqeeo r-qvutc0\"> \u00abAhora son todos hinchas del futsal. Si quieren me pongo la 9 de <\/span><span class=\"r-18u37iz\">Independiente<\/span><span class=\"css-901oao css-16my406 r-1qd0xha r-ad9z0x r-bcqeeo r-qvutc0\"> y me pongo a hacer goles. Al futsal le dimos todas las comodidades como hicimos con todas las disciplinas. Los jugadores del <span class=\"css-901oao css-16my406 r-1qd0xha r-vw2c0b r-ad9z0x r-bcqeeo r-qvutc0\">futsal<\/span> de Camioneros que estaban en <span class=\"r-18u37iz\">Independiente<\/span> son futbolistas que pasaron por el Rojo, pero que pasaron por otros clubes tambi\u00e9n antes del ascenso\u00bb.<\/span><\/strong><\/p>\n<p>AUDIO ORGULLO ROJO: <\/p>\n<p><iframe loading=\"lazy\" width=\"100%\" height=\"65px\" scrolling=\"no\" frameborder=\"no\" src=\"\/\/radiocut.fm\/audiocut\/embed\/mini\/independiente-ahora-son-todos-hinchas-del-futsal\/\" ><\/iframe><\/p>\n<figure id=\"attachment_34745\" aria-describedby=\"caption-attachment-34745\" style=\"width: 716px\" class=\"wp-caption aligncenter\"><img data-recalc-dims=\"1\" loading=\"lazy\" decoding=\"async\" class=\"wp-image-34745\" src=\"https:\/\/i0.wp.com\/www.masrojo.com.ar\/home\/wp-content\/uploads\/cam.jpg?resize=716%2C477&#038;ssl=1\" alt=\"\" width=\"716\" height=\"477\" \/><figcaption id=\"caption-attachment-34745\" class=\"wp-caption-text\">HUGO Y PABLO MOYANO EN EL FESTEJO DEL ASCENSO DE CAMIONEROS EN EL FUTSAL<\/figcaption><\/figure>\n<div style=\"width: 480px;\" class=\"wp-video\"><!--[if lt IE 9]><script>document.createElement('video');<\/script><![endif]-->\n<video class=\"wp-video-shortcode\" id=\"video-34743-1\" width=\"480\" height=\"270\" preload=\"metadata\" controls=\"controls\"><source type=\"video\/mp4\" src=\"https:\/\/www.masrojo.com.ar\/home\/wp-content\/uploads\/bbpclZEqEdX6VfiC.mp4?_=1\" \/><a href=\"https:\/\/www.masrojo.com.ar\/home\/wp-content\/uploads\/bbpclZEqEdX6VfiC.mp4\">https:\/\/www.masrojo.com.ar\/home\/wp-content\/uploads\/bbpclZEqEdX6VfiC.mp4<\/a><\/video><\/div>\n","protected":false},"excerpt":{"rendered":"<div class=\"mh-excerpt\"><p>El futsal de Independiente descendi\u00f3 de categor\u00eda mientras, Camioneros ascendi\u00f3 a primera divisi\u00f3n. En las redes sociales el tema estall\u00f3 porque se lo vio a Hugo y Pablo Moyano festejando el ascenso de Camioneros. El <a class=\"mh-excerpt-more\" href=\"https:\/\/www.masrojo.com.ar\/home\/2019\/11\/19\/ahora-son-todos-hinchas-del-futsal\/\" title=\"\u00abAHORA SON TODOS HINCHAS DEL FUTSAL\u00bb\">[&#8230;]<\/a><\/p>\n<\/div>","protected":false},"author":6,"featured_media":0,"comment_status":"closed","ping_status":"closed","sticky":false,"template":"","format":"video","meta":{"_jetpack_memberships_contains_paid_content":false,"footnotes":"","jetpack_publicize_message":"","jetpack_publicize_feature_enabled":true,"jetpack_social_post_already_shared":true,"jetpack_social_options":{"image_generator_settings":{"template":"highway","enabled":false},"version":2}},"categories":[4],"tags":[],"class_list":{"0":"post-34743","1":"post","2":"type-post","3":"status-publish","4":"format-video","6":"category-actualidad","7":"post_format-post-format-video"},"jetpack_publicize_connections":[],"jetpack_sharing_enabled":true,"jetpack_featured_media_url":"","jetpack_shortlink":"https:\/\/wp.me\/p90W9F-92n","_links":{"self":[{"href":"https:\/\/www.masrojo.com.ar\/home\/wp-json\/wp\/v2\/posts\/34743"}],"collection":[{"href":"https:\/\/www.masrojo.com.ar\/home\/wp-json\/wp\/v2\/posts"}],"about":[{"href":"https:\/\/www.masrojo.com.ar\/home\/wp-json\/wp\/v2\/types\/post"}],"author":[{"embeddable":true,"href":"https:\/\/www.masrojo.com.ar\/home\/wp-json\/wp\/v2\/users\/6"}],"replies":[{"embeddable":true,"href":"https:\/\/www.masrojo.com.ar\/home\/wp-json\/wp\/v2\/comments?post=34743"}],"version-history":[{"count":0,"href":"https:\/\/www.masrojo.com.ar\/home\/wp-json\/wp\/v2\/posts\/34743\/revisions"}],"wp:attachment":[{"href":"https:\/\/www.masrojo.com.ar\/home\/wp-json\/wp\/v2\/media?parent=34743"}],"wp:term":[{"taxonomy":"category","embeddable":true,"href":"https:\/\/www.masrojo.com.ar\/home\/wp-json\/wp\/v2\/categories?post=34743"},{"taxonomy":"post_tag","embeddable":true,"href":"https:\/\/www.masrojo.com.ar\/home\/wp-json\/wp\/v2\/tags?post=34743"}],"curies":[{"name":"wp","href":"https:\/\/api.w.org\/{rel}","templated":true}]}}