{"id":34762,"date":"2019-11-19T22:02:00","date_gmt":"2019-11-20T01:02:00","guid":{"rendered":"https:\/\/www.masrojo.com.ar\/home\/?p=34762"},"modified":"2019-11-19T22:02:00","modified_gmt":"2019-11-20T01:02:00","slug":"por-el-dolar-cecilio-podria-irse-a-fin-de-ano","status":"publish","type":"post","link":"https:\/\/www.masrojo.com.ar\/home\/2019\/11\/19\/por-el-dolar-cecilio-podria-irse-a-fin-de-ano\/","title":{"rendered":"Por el d\u00f3lar, Cecilio podr\u00eda irse a fin de a\u00f1o"},"content":{"rendered":"<p style=\"text-align: justify;\">El refuerzo m\u00e1s caro de la historia del Rojo afirm\u00f3 que si bien est\u00e1 c\u00f3modo en el club, la situaci\u00f3n econ\u00f3mica de la Argentina podr\u00eda hacerlo cambiar de planes.<\/p>\n<p style=\"text-align: justify;\">a impredecible econom\u00eda argentina complica la estad\u00eda de varias figuras de la Superliga e Independiente podr\u00eda quedarse sin uno de sus mejores jugadores: el paraguayo Cecilio Dom\u00ednguez.<\/p>\n<p style=\"text-align: justify;\">El mediocampista paraguayo, el refuerzo m\u00e1s caro de la historia del Rojo, no descart\u00f3 marcharse en el pr\u00f3ximo mercado de pases por la \u00absituaci\u00f3n econ\u00f3mica del pa\u00eds\u00bb.<\/p>\n<p style=\"text-align: justify;\">Dom\u00ednguez, cuyo pase cost\u00f3 seis millones de d\u00f3lares por el 70 por ciento de los derechos econ\u00f3micos, afirm\u00f3 en conferencia de prensa: \u00abEs inc\u00f3moda para m\u00ed la situaci\u00f3n econ\u00f3mica del pa\u00eds. Me encanta Independiente, pero no descarto irme\u00bb.<\/p>\n<p style=\"text-align: justify;\">Siguiendo con sus dichos cont\u00f3: \u201cRealmente Ber\u00f3n lleg\u00f3 en un momento delicado nuestro, no ven\u00edamos ganando y \u00e9l nos dio mucha tranquilidad. Esto es f\u00fatbol, se maneja todo por resultados\u201d.<\/p>\n<p style=\"text-align: justify;\">\u201cEs bastante raro que haya casi un mes sin f\u00fatbol. Pero se dio as\u00ed, nos sirve para entrenar y seguir mejorando. Los amistosos nos van a venir bien para seguir encontrando el ritmo y juego que queremos\u201d, explay\u00f3.<\/p>\n<p style=\"text-align: justify;\">Tambi\u00e9n habl\u00f3 sobre su presente futbol\u00edstico: \u201cTengo mis errores y aciertos. Yo estoy tranquilo, trabajo para mejorar. El balance que hago personalmente es que cuando me tocaba jugar siempre estuve ah\u00ed, teniendo continuidad o no, di lo mejor en cada partido que me toc\u00f3 jugar. Ahora estoy teniendo m\u00e1s confianza y continuidad. Eso es bueno\u201d. Adem\u00e1s, agreg\u00f3: \u201cEstoy contento por mi actualidad. Tengo m\u00e1s confianza, regularidad. Quiero seguir mejorando\u201d.<\/p>\n<p style=\"text-align: justify;\">\u201cNuestro objetivo era la Copa Argentina, lamentablemente no se nos dio. Hoy en d\u00eda, trabajando en silencio estamos remando y cerca de la punta con un partido menos\u201d, manifest\u00f3.<\/p>\n<p style=\"text-align: justify;\">Luego declar\u00f3: \u201cEs clave que ganemos los 3 partidos que restan de la Superliga. Vamos partido a partido. Queremos pelear el torneo local\u201d.<\/p>\n<p style=\"text-align: justify;\">\u201cAhora estamos contentos porque venimos ganando y el grupo est\u00e1 muy unido. Nos sentimos b\u00e1rbaro con Ber\u00f3n\u201d, afirm\u00f3.<\/p>\n<p style=\"text-align: justify;\">Refiri\u00e9ndose al primer equipo confes\u00f3: \u201cLamentablemente tuvimos momentos duros, en tres o cuatro partidos se lesion\u00f3 un jugador, sali\u00f3 un minuto y ah\u00ed nos convierten. Es incre\u00edble, mucha gente eso no lo ve. Ah\u00ed perdimos muchos puntos. Grupalmente estamos bien\u201d.<\/p>\n<p style=\"text-align: justify;\">\u201cEs muy lindo el f\u00fatbol argentino, hay mucha pasi\u00f3n. Antes no lo ve\u00eda, pero me di cuenta que es muy duro, se pega mucho, friccionado\u201d, opin\u00f3.<\/p>\n<p style=\"text-align: justify;\">\u00abEs inc\u00f3moda para m\u00ed la situaci\u00f3n del pa\u00eds y me encanta Independiente, pero no descarto irme\u00bb, solt\u00f3 en di\u00e1logo con la prensa el atacante paraguayo, que tiene contrato con el Rojo hasta 2023. Y finaliz\u00f3: \u00abCuando me refiero a una salida, no pienso solo en m\u00ed: hay gente detr\u00e1s de cada uno y la familia tambi\u00e9n es importante\u00bb.<\/p>\n","protected":false},"excerpt":{"rendered":"<div class=\"mh-excerpt\"><p>El refuerzo m\u00e1s caro de la historia del Rojo afirm\u00f3 que si bien est\u00e1 c\u00f3modo en el club, la situaci\u00f3n econ\u00f3mica de la Argentina podr\u00eda hacerlo cambiar de planes. a impredecible econom\u00eda argentina complica la <a class=\"mh-excerpt-more\" href=\"https:\/\/www.masrojo.com.ar\/home\/2019\/11\/19\/por-el-dolar-cecilio-podria-irse-a-fin-de-ano\/\" title=\"Por el d\u00f3lar, Cecilio podr\u00eda irse a fin de a\u00f1o\">[&#8230;]<\/a><\/p>\n<\/div>","protected":false},"author":6,"featured_media":0,"comment_status":"closed","ping_status":"closed","sticky":false,"template":"","format":"image","meta":{"_jetpack_memberships_contains_paid_content":false,"footnotes":"","jetpack_publicize_message":"","jetpack_publicize_feature_enabled":true,"jetpack_social_post_already_shared":true,"jetpack_social_options":{"image_generator_settings":{"template":"highway","enabled":false},"version":2}},"categories":[4],"tags":[],"class_list":{"0":"post-34762","1":"post","2":"type-post","3":"status-publish","4":"format-image","6":"category-actualidad","7":"post_format-post-format-image"},"jetpack_publicize_connections":[],"jetpack_sharing_enabled":true,"jetpack_featured_media_url":"","jetpack_shortlink":"https:\/\/wp.me\/p90W9F-92G","_links":{"self":[{"href":"https:\/\/www.masrojo.com.ar\/home\/wp-json\/wp\/v2\/posts\/34762"}],"collection":[{"href":"https:\/\/www.masrojo.com.ar\/home\/wp-json\/wp\/v2\/posts"}],"about":[{"href":"https:\/\/www.masrojo.com.ar\/home\/wp-json\/wp\/v2\/types\/post"}],"author":[{"embeddable":true,"href":"https:\/\/www.masrojo.com.ar\/home\/wp-json\/wp\/v2\/users\/6"}],"replies":[{"embeddable":true,"href":"https:\/\/www.masrojo.com.ar\/home\/wp-json\/wp\/v2\/comments?post=34762"}],"version-history":[{"count":0,"href":"https:\/\/www.masrojo.com.ar\/home\/wp-json\/wp\/v2\/posts\/34762\/revisions"}],"wp:attachment":[{"href":"https:\/\/www.masrojo.com.ar\/home\/wp-json\/wp\/v2\/media?parent=34762"}],"wp:term":[{"taxonomy":"category","embeddable":true,"href":"https:\/\/www.masrojo.com.ar\/home\/wp-json\/wp\/v2\/categories?post=34762"},{"taxonomy":"post_tag","embeddable":true,"href":"https:\/\/www.masrojo.com.ar\/home\/wp-json\/wp\/v2\/tags?post=34762"}],"curies":[{"name":"wp","href":"https:\/\/api.w.org\/{rel}","templated":true}]}}