{"id":34769,"date":"2019-11-19T22:57:03","date_gmt":"2019-11-20T01:57:03","guid":{"rendered":"https:\/\/www.masrojo.com.ar\/home\/?p=34769"},"modified":"2019-11-19T22:57:03","modified_gmt":"2019-11-20T01:57:03","slug":"pablo-perez-es-pretendido-por-la-lepra","status":"publish","type":"post","link":"https:\/\/www.masrojo.com.ar\/home\/2019\/11\/19\/pablo-perez-es-pretendido-por-la-lepra\/","title":{"rendered":"PABLO P\u00c9REZ ES PRETENDIDO POR LA LEPRA"},"content":{"rendered":"<p style=\"text-align: justify;\">Desde que lleg\u00f3 Kudelka, el equipo consigui\u00f3 los resultados necesarios para escaparle a los puestos de descenso directo y como si fuese poco, demostr\u00f3 un gran nivel futbol\u00edstico. En este contexto, la directiva piensa en lo que ser\u00e1 el 2020 y pretende cumplir un objetivo importante: repatriar a\u00a0<strong>Ignacio Scocco y Pablo P\u00e9rez.<\/strong><\/p>\n<p style=\"text-align: justify;\">\u00ab<strong>A nosotros como hinchas y como dirigentes nos interesa mucho que Scocco vuelva a Newell&#8217;s. Haremos lo posible para que al culminar su contrato pueda venir. Pablo P\u00e9rez tambi\u00e9n nos interesa, por lo que significa para el club. Tambi\u00e9n depende del entrenador<\/strong>\u00ab, lanz\u00f3 Cristian D&#8217;Amico, vicepresidente del club rosarino.<\/p>\n<p style=\"text-align: justify;\">Por el lado del mediocampista, PP8 se fue en 2014 de\u00a0<strong>Newell&#8217;s<\/strong> para jugar en el M\u00e1laga por una temporada. Luego encaden\u00f3 cinco a\u00f1os en Boca y ahora se encuentra en Independiente, siendo uno de los contratos m\u00e1s altos del plantel y sabido es que el Rojo deber\u00e1 achicar el presupuesto. Y Pablo P\u00e9rez encabeza la lista.<\/p>\n<p style=\"text-align: justify;\">Sumado a eso de que el jugador manifest\u00f3 m\u00e1s de una vez su deseo de volver a la instituci\u00f3n rosarina. Los d\u00edas de Pablo P\u00e9rez parecen estar contados, teniendo en cuenta que termina su contrato a fin de a\u00f1o.<\/p>\n","protected":false},"excerpt":{"rendered":"<div class=\"mh-excerpt\"><p>Desde que lleg\u00f3 Kudelka, el equipo consigui\u00f3 los resultados necesarios para escaparle a los puestos de descenso directo y como si fuese poco, demostr\u00f3 un gran nivel futbol\u00edstico. En este contexto, la directiva piensa en <a class=\"mh-excerpt-more\" href=\"https:\/\/www.masrojo.com.ar\/home\/2019\/11\/19\/pablo-perez-es-pretendido-por-la-lepra\/\" title=\"PABLO P\u00c9REZ ES PRETENDIDO POR LA LEPRA\">[&#8230;]<\/a><\/p>\n<\/div>","protected":false},"author":6,"featured_media":0,"comment_status":"closed","ping_status":"closed","sticky":false,"template":"","format":"image","meta":{"_jetpack_memberships_contains_paid_content":false,"footnotes":"","jetpack_publicize_message":"","jetpack_publicize_feature_enabled":true,"jetpack_social_post_already_shared":true,"jetpack_social_options":{"image_generator_settings":{"template":"highway","enabled":false},"version":2}},"categories":[4],"tags":[],"class_list":{"0":"post-34769","1":"post","2":"type-post","3":"status-publish","4":"format-image","6":"category-actualidad","7":"post_format-post-format-image"},"jetpack_publicize_connections":[],"jetpack_sharing_enabled":true,"jetpack_featured_media_url":"","jetpack_shortlink":"https:\/\/wp.me\/p90W9F-92N","_links":{"self":[{"href":"https:\/\/www.masrojo.com.ar\/home\/wp-json\/wp\/v2\/posts\/34769"}],"collection":[{"href":"https:\/\/www.masrojo.com.ar\/home\/wp-json\/wp\/v2\/posts"}],"about":[{"href":"https:\/\/www.masrojo.com.ar\/home\/wp-json\/wp\/v2\/types\/post"}],"author":[{"embeddable":true,"href":"https:\/\/www.masrojo.com.ar\/home\/wp-json\/wp\/v2\/users\/6"}],"replies":[{"embeddable":true,"href":"https:\/\/www.masrojo.com.ar\/home\/wp-json\/wp\/v2\/comments?post=34769"}],"version-history":[{"count":0,"href":"https:\/\/www.masrojo.com.ar\/home\/wp-json\/wp\/v2\/posts\/34769\/revisions"}],"wp:attachment":[{"href":"https:\/\/www.masrojo.com.ar\/home\/wp-json\/wp\/v2\/media?parent=34769"}],"wp:term":[{"taxonomy":"category","embeddable":true,"href":"https:\/\/www.masrojo.com.ar\/home\/wp-json\/wp\/v2\/categories?post=34769"},{"taxonomy":"post_tag","embeddable":true,"href":"https:\/\/www.masrojo.com.ar\/home\/wp-json\/wp\/v2\/tags?post=34769"}],"curies":[{"name":"wp","href":"https:\/\/api.w.org\/{rel}","templated":true}]}}