{"id":3479,"date":"2017-11-17T08:31:36","date_gmt":"2017-11-17T11:31:36","guid":{"rendered":"https:\/\/www.masrojo.com.ar\/home\/?p=3479"},"modified":"2017-11-17T08:31:36","modified_gmt":"2017-11-17T11:31:36","slug":"holan-si-no-fuera-el-tecnico-vendria-a-la-cancha-a-ver-a-este-independiente","status":"publish","type":"post","link":"https:\/\/www.masrojo.com.ar\/home\/2017\/11\/17\/holan-si-no-fuera-el-tecnico-vendria-a-la-cancha-a-ver-a-este-independiente\/","title":{"rendered":"Holan: \u00abSi no fuera el t\u00e9cnico, vendr\u00eda a la cancha a ver a este Independiente\u00bb"},"content":{"rendered":"<p style=\"text-align: justify;\">En una entrevista exclusiva con DIARIO POPULAR, el director t\u00e9cnico del Rojo analiz\u00f3 la actualidad de su equipo. A horas del primer partido por la semifinal de la Sudamericana, hizo un balance de lo realizado en su primer a\u00f1o de trabajo.<\/p>\n<p style=\"text-align: justify;\">El 14 de noviembre del a\u00f1o pasado,<strong>\u00a0<a class=\"agrupador\" href=\"http:\/\/www.diariopopular.com.ar\/ariel-holan-a190\" rel=\"190\">Ariel Holan<\/a><\/strong>\u00a0dejaba su cargo al frente de Defensa y Justicia, tras su primera experiencia como director t\u00e9cnico. Cuarenta y cinco d\u00edas despu\u00e9s,\u00a0<a class=\"agrupador\" href=\"http:\/\/www.diariopopular.com.ar\/independiente-a1499\" rel=\"1499\">Independiente<\/a>, el club de sus amores, lo contrataba para reemplazar a Gabriel Milito, pese a su escueto curr\u00edculum.<\/p>\n<p style=\"text-align: justify;\">Abrazado a una tecnolog\u00eda de punta al servicio del alto rendimiento deportivo y v\u00edctima de bullying de parte del medio que se burlaba de los drones que utilizaba junto a su decena de colaboradores para monitorear su tarea, se transform\u00f3 en centro de las apuestas\u00a0<strong>sobre en qu\u00e9 fecha lo echaban.<\/strong><\/p>\n<p style=\"text-align: justify;\">Hoy, a casi un a\u00f1o de su desembarco en el Rojo, transform\u00f3 al equipo en\u00a0<strong>\u201cun ej\u00e9rcito de gladiadores\u201d,<\/strong>\u00a0como \u00e9l mismo lo define, y recuper\u00f3 el sentido de pertenencia logrando el reconocimiento de extra\u00f1os y, el m\u00e1s dif\u00edcil, el de propios.<\/p>\n<p style=\"text-align: justify;\"><strong>-\u00bfTe imaginabas este presente hace un a\u00f1o?<\/strong><\/p>\n<p style=\"text-align: justify;\">-El f\u00fatbol est\u00e1 lleno de sorpresas. A medida de que uno va desarrollando su carrera profesional, tiene la posibilidad de ir creciendo. De repente, me encontr\u00e9 con este desaf\u00edo, que es el desaf\u00edo deportivo m\u00e1s importante de mi vida. El f\u00fatbol es una caja de sorpresas.<\/p>\n<p style=\"text-align: justify;\"><strong>-No era sencillo para los dirigentes de Independiente elegir a un t\u00e9cnico con poca trayectoria en un momento cargado de exigencias.<\/strong><\/p>\n<p style=\"text-align: justify;\">-No, no, claramente. Pero creo que la mejor publicidad que puede tener un entrenador es lo que hace su equipo en cancha, y creo que los 18 meses en Defensa y Justicia fueron muy fuertes; logramos un nivel futbol\u00edstico alto y eso nos dio la posibilidad de que se fijaran en el contenido.<\/p>\n<p style=\"text-align: justify;\"><strong>-Encima llegaste a un Independiente en un contexto complicado, sin margen para el error.<\/strong><\/p>\n<p style=\"text-align: justify;\">-Los contextos de los clubes en el f\u00fatbol argentino siempre son delicados. En Independiente la problem\u00e1tica tiene una caracter\u00edstica muy especial: son muchos a\u00f1os de andar err\u00e1tico, con el descenso y sin poder levantar una copa desde el regreso a Primera. Es un karma para todos, el nivel de ansiedad en un club de tanta envergadura es muy grande y hay que saber administrarlo, pero no es una tarea sencilla.<\/p>\n<p style=\"text-align: justify;\"><strong>&#8211; Milito, con una espalda gigante, no aguant\u00f3 la presi\u00f3n. La vara de la aceptaci\u00f3n estaba muy alta&#8230;<\/strong><\/p>\n<p style=\"text-align: justify;\">-Es que nuestro paladar es complejo por una cuesti\u00f3n de historia. Para ning\u00fan t\u00e9cnico va a ser f\u00e1cil hasta que no se gane un torneo o una copa y haya un poco m\u00e1s de paciencia.<\/p>\n<p style=\"text-align: justify;\"><strong>-Pese a ello \u00bfte das cuenta de que la gente ya empez\u00f3 a reconocer muchas cosas?<\/strong><\/p>\n<p style=\"text-align: justify;\">-Como socio y simpatizante, lo que siempre quise es que el club vaya sentando bases s\u00f3lidas en todos los \u00e1mbitos. Y en lo deportivo, que es lo que me toca administrar, creo hemos logrado instalar esas bases del punto de partida para volver a ser lo que todos queremos que sea Independiente. Ojal\u00e1 que yo lo pueda disfrutar y si no, estar\u00e9 contento de quien lo pueda disfrutar.<\/p>\n<p style=\"text-align: justify;\"><strong>-La gente destaca el sentido de pertenencia que han recuperado los futbolistas y la entrega.<\/strong><\/p>\n<p style=\"text-align: justify;\">-Ese es un gran m\u00e9rito de los futbolistas. Tenemos un equipo que demuestra una actitud tremenda que, en el proceso de entrenamiento, han tenido un gran crecimiento. A\u00fan faltan cosas, hay detalles para pulir y perfeccionar, siempre los habr\u00e1, pero lo que es incuestionable es lo que les sale de adentro: defender la camiseta con un compromiso muy marcado. Eso a m\u00ed, como entrenador, me llena de orgullo y me da placer. Dejan todo en cada partido, m\u00e1s all\u00e1 de podamos conseguir los resultados que buscamos o no.<\/p>\n<p style=\"text-align: justify;\"><strong>-\u00bfNot\u00e1s el compromiso del plantel?<\/strong><\/p>\n<p style=\"text-align: justify;\">-Mucho. A tal punto que ellos mismos generaron muchas cosas, como los carteles de Compromiso, Actitud, Intensidad con las iniciales del club que subieron a las redes. Es m\u00e9rito de ellos. Cuando un equipo empieza a ser muy competitivo el pilar son los mismos futbolistas, porque son los que juegan, los que toman decisiones y los que ponen el esp\u00edritu en la cancha.<\/p>\n<p style=\"text-align: justify;\"><strong>-Desde lo futbol\u00edstico \u00bfes el equipo que el Ariel Holan hincha ir\u00eda a ver?<\/strong><\/p>\n<p style=\"text-align: justify;\">-Lo que mam\u00e9 en el club desde las d\u00e9cadas del \u201860 y \u201870 fue un equipo muy aguerrido; despu\u00e9s hubo un grupo de futbolistas que agregaron garra y, finalmente, las d\u00e9cadas de oro del \u201870 y el \u201880 cuando Independiente fue una m\u00e1quina. Ah\u00ed se vio la s\u00edntesis de defensas con mucha actitud y mediocampos y ataques con mucho gol y talento. Ese paladar negro del que siempre se habl\u00f3 no estaba s\u00f3lo vinculado al juego, sino tambi\u00e9n a la eficacia, porque gan\u00f3 todo lo que se le puso por delante. No hab\u00eda rivales, Independiente era m\u00e1s conocido que la Selecci\u00f3n Argentina. Una etapa de oro que no es sencillo replicar en estos tiempos; lo ha logrado s\u00f3lo el Barcelona con una hegemon\u00eda parecida a la que tuvo Independiente en esa \u00e9poca. Para recuperar eso, el club necesita consolidarse econ\u00f3micamente y sostener un equipo competitivo. Es el primer paso, falta mucho.<\/p>\n<p style=\"text-align: justify;\"><strong>-\u00bfEntonces? \u00bfvendr\u00edas a ver a este equipo?<\/strong><\/p>\n<p style=\"text-align: justify;\">-S\u00ed, s\u00ed. Me gusta mucho. Porque cumple con ese precepto que manda la historia: va al frente y pone todo. Obviamente hay que pulir, hay que ir creciendo como equipo hasta lograr la eficiencia que nos permita ganar el campeonato que es lo que todos queremos. Estamos en ruta.<\/p>\n<h2 style=\"text-align: justify;\">\u201cNo hay forma de que nos desv\u00eden de nuestra meta\u201d<\/h2>\n<p style=\"text-align: justify;\">Para el DT, \u201cning\u00fan elemento externo nos sacar\u00e1 del foco porque es un momento muy importante para el club\u201d. Sobre su futuro, adelant\u00f3 que a fin de a\u00f1o har\u00e1 un balance de su gesti\u00f3n y despu\u00e9s decidir\u00e1 \u201clo mejor para Independiente\u201d.<\/p>\n<p style=\"text-align: justify;\"><strong>Al hincha le preocupan los goles que se pierden \u00bfal t\u00e9cnico tambi\u00e9n?<\/strong><\/p>\n<p style=\"text-align: justify;\">-En realidad yo prefiero tener esta dificultad y no tener que trabajar para lograr que el equipo genere situaciones. El equipo es agresivo, vertical, tiene buenos momentos de f\u00fatbol y le llegan poco. Es un equipo compensado y hasta ac\u00e1 se lo ha visto muy equilibrado. Pero los partidos los ganan los que hacen m\u00e1s goles y para ser altamente competitivos debemos mejorar ese detalle. En la copa no tuvimos ese problema porque logramos un buen promedio de gol, pero en el torneo nos ha costado. De haber sido m\u00e1s eficaces, no s\u00f3lo hubi\u00e9ramos clasificado a la Libertadores sino que en el torneo estar\u00edamos cerca de Boca.<\/p>\n<p style=\"text-align: justify;\"><strong>-\u00bfCu\u00e1l es la explicaci\u00f3n?<\/strong><\/p>\n<p style=\"text-align: justify;\">-Tuvimos un poco de mala suerte con los delanteros. Gigliotti, que ven\u00eda de China, cuando se estaba poniendo bien, se lastim\u00f3. Fern\u00e1ndez tuvo una rotura de ligamento que te demanda seis meses para volver a jugar y otros seis para sentirte seguro. Con Albertengo pas\u00f3 algo similar con varias lesiones. Ben\u00edtez y Barco, chicos surgidos del club, en un proceso de crecimiento. Reci\u00e9n ahora tenemos a los atacantes en el camino de la recuperaci\u00f3n plena.<\/p>\n<p style=\"text-align: justify;\"><strong>-Lo dijiste hace unos d\u00edas y, en esta charla, lo repetiste: \u201cSi no soy yo ser\u00e1 otro el que disfrute lo que venga\u201d. \u00bfNo est\u00e1s seguro respecto a tu futuro en el club?<\/strong><\/p>\n<p style=\"text-align: justify;\">-Planifico en funci\u00f3n del corto plazo. Estoy llegando al final de mi contrato y quiero hacer un balance de mi gesti\u00f3n; primero de manera personal, despu\u00e9s con el cuerpo t\u00e9cnico y finalmente junto a los dirigentes. Autoanalizo mucho las tomas de decisiones, los proyectos. En funci\u00f3n de eso buscaremos lo mejor para Independiente.<\/p>\n<p style=\"text-align: justify;\"><strong>-\u00bfTe puede afectar algo externo?<\/strong><\/p>\n<p style=\"text-align: justify;\">-No. Nada me puede afectar m\u00e1s all\u00e1 de lo que tengo que afrontar inmediatamente, en este caso, River. Me preocupa toda la coyuntura del partido: primero nosotros y despu\u00e9s el rival. Luego deberemos ir a Paraguay para jugar, despu\u00e9s de siete a\u00f1os, una semifinal. Tengo preocupaciones suficientes.<\/p>\n<p style=\"text-align: justify;\"><strong>-\u00bfEl episodio del otro d\u00eda con la barra tampoco?<\/strong><\/p>\n<p style=\"text-align: justify;\">-Son cosas que han pasado y pasan en el f\u00fatbol. Espero que se terminen, nada m\u00e1s. Pero no hay forma de que nos saquen del foco en el estamos todos embarcados, porque lo que estamos viviendo es muy importante para Independiente.<\/p>\n<h2 style=\"text-align: justify;\">\u201cNo hace mucho se levant\u00f3 una copa y luego vino la cat\u00e1strofe\u201d<\/h2>\n<p style=\"text-align: justify;\"><strong>-El trabajo \u00bfte da tiempo para so\u00f1ar?<\/strong><\/p>\n<p style=\"text-align: justify;\">-No se puede evitar, pero los sue\u00f1os son a corto plazo, en el d\u00eda a d\u00eda. Ahora viene River y hay que estar muy concentrados; despu\u00e9s viene la Copa, despu\u00e9s el cl\u00e1sico, despu\u00e9s de nuevo la copa. En el f\u00fatbol hay que hacer foco en cada partido y cada uno ofrece una dificultad diferente. Si uno se va de esa realidad pensando en lo que va a venir, ser\u00eda un error. La gente que est\u00e1 en el f\u00fatbol sabe que esto no es ch\u00e1chara. Eso s\u00ed, a la hora de los refuerzos pensamos tambi\u00e9n en el equipo que estamos proyectando para el futuro.<\/p>\n<p style=\"text-align: justify;\"><strong>-\u00bfY no ten\u00e9s un ratito para apoyar la cabeza en la almohada e imaginar una vuelta ol\u00edmpica?<\/strong><\/p>\n<p style=\"text-align: justify;\">-Es que primero tengo que pensar en tomar decisiones que sean beneficiosas para la instituci\u00f3n. Ser pasional, en este cargo, no es muy recomendable. Por eso me gusta que las decisiones deportivas se tomen pensando en lo mejor. En mi casa vamos a la sede desde el a\u00f1o \u201864 a festejar ininterrumpidamente cada campeonato&#8230; imaginate si s\u00e9 de qu\u00e9 se trata festejar levantando una copa. Todo tiene que ser el fruto de un trabajo serio y un proceso ordenado; porque tambi\u00e9n, no hace mucho, hemos levantado una copa y despu\u00e9s terminamos con una cat\u00e1strofe. Hay que construir un proceso s\u00f3lido.<\/p>\n<p style=\"text-align: justify;\"><strong>-\u00bfCu\u00e1l fue el momento m\u00e1s feliz hasta ahora?<\/strong><\/p>\n<p style=\"text-align: justify;\">-Lo que m\u00e1s me gratifica es que Independiente se vaya consolidando econ\u00f3micamente desde la revalorizaci\u00f3n del plantel. Esa es la plataforma para asentar la recuperaci\u00f3n.<\/p>\n<p style=\"text-align: justify;\"><strong>-\u00bfAunque signifique perder piezas clave en cada libro de pases?<\/strong><\/p>\n<p style=\"text-align: justify;\">-Es que esa ingenier\u00eda de altas y bajas es la que hay que manejar con el criterio. Con las ventas el club puede pagar sus deudas y despu\u00e9s invertir en futbolistas para seguir retroalimentando el sistema. Todos los que vieron lo hicieron s\u00f3lo por el sueldo, no hubo erogaciones de dinero.<\/p>\n<p>\u00a0Por\u00a0<span class=\"fecha-detallenota\">Pablo Vignola<\/span><\/p>\n","protected":false},"excerpt":{"rendered":"<div class=\"mh-excerpt\"><p>En una entrevista exclusiva con DIARIO POPULAR, el director t\u00e9cnico del Rojo analiz\u00f3 la actualidad de su equipo. A horas del primer partido por la semifinal de la Sudamericana, hizo un balance de lo realizado <a class=\"mh-excerpt-more\" href=\"https:\/\/www.masrojo.com.ar\/home\/2017\/11\/17\/holan-si-no-fuera-el-tecnico-vendria-a-la-cancha-a-ver-a-este-independiente\/\" title=\"Holan: \u00abSi no fuera el t\u00e9cnico, vendr\u00eda a la cancha a ver a este Independiente\u00bb\">[&#8230;]<\/a><\/p>\n<\/div>","protected":false},"author":6,"featured_media":0,"comment_status":"open","ping_status":"open","sticky":false,"template":"","format":"image","meta":{"_jetpack_memberships_contains_paid_content":false,"footnotes":"","jetpack_publicize_message":"","jetpack_publicize_feature_enabled":true,"jetpack_social_post_already_shared":true,"jetpack_social_options":{"image_generator_settings":{"template":"highway","enabled":false},"version":2}},"categories":[4],"tags":[23],"class_list":{"0":"post-3479","1":"post","2":"type-post","3":"status-publish","4":"format-image","6":"category-actualidad","7":"tag-holan","8":"post_format-post-format-image"},"jetpack_publicize_connections":[],"jetpack_sharing_enabled":true,"jetpack_featured_media_url":"","jetpack_shortlink":"https:\/\/wp.me\/p90W9F-U7","_links":{"self":[{"href":"https:\/\/www.masrojo.com.ar\/home\/wp-json\/wp\/v2\/posts\/3479"}],"collection":[{"href":"https:\/\/www.masrojo.com.ar\/home\/wp-json\/wp\/v2\/posts"}],"about":[{"href":"https:\/\/www.masrojo.com.ar\/home\/wp-json\/wp\/v2\/types\/post"}],"author":[{"embeddable":true,"href":"https:\/\/www.masrojo.com.ar\/home\/wp-json\/wp\/v2\/users\/6"}],"replies":[{"embeddable":true,"href":"https:\/\/www.masrojo.com.ar\/home\/wp-json\/wp\/v2\/comments?post=3479"}],"version-history":[{"count":0,"href":"https:\/\/www.masrojo.com.ar\/home\/wp-json\/wp\/v2\/posts\/3479\/revisions"}],"wp:attachment":[{"href":"https:\/\/www.masrojo.com.ar\/home\/wp-json\/wp\/v2\/media?parent=3479"}],"wp:term":[{"taxonomy":"category","embeddable":true,"href":"https:\/\/www.masrojo.com.ar\/home\/wp-json\/wp\/v2\/categories?post=3479"},{"taxonomy":"post_tag","embeddable":true,"href":"https:\/\/www.masrojo.com.ar\/home\/wp-json\/wp\/v2\/tags?post=3479"}],"curies":[{"name":"wp","href":"https:\/\/api.w.org\/{rel}","templated":true}]}}