{"id":34797,"date":"2019-11-21T02:59:15","date_gmt":"2019-11-21T05:59:15","guid":{"rendered":"https:\/\/www.masrojo.com.ar\/home\/?p=34797"},"modified":"2019-11-21T07:49:32","modified_gmt":"2019-11-21T10:49:32","slug":"fernando-beron-siento-el-apoyo-de-la-gente-me-llega","status":"publish","type":"post","link":"https:\/\/www.masrojo.com.ar\/home\/2019\/11\/21\/fernando-beron-siento-el-apoyo-de-la-gente-me-llega\/","title":{"rendered":"Fernando Ber\u00f3n: \u00abSiento el apoyo de la gente, me llega\u00bb"},"content":{"rendered":"<p>Fernando Ber\u00f3n analiz\u00f3 lo que fue la victoria de Independiente sobre Trist\u00e1n Su\u00e1rez en el amistoso y se refiri\u00f3 a su futuro.<\/p>\n<p>\u201cE<span style=\"text-align: left; text-transform: none; text-indent: 0px; letter-spacing: normal; font-family: Georgia,'Times New Roman','Bitstream Charter',Times,serif; font-size: 16px; font-style: normal; font-variant: normal; font-weight: 400; text-decoration: none; word-spacing: 0px; display: inline !important; white-space: normal; cursor: text; orphans: 2; float: none; -webkit-text-stroke-width: 0px; background-color: #ffffff;\">n s\u00ed el partido no fue bueno. <\/span>No hicimos un buen primer tiempo pero en el segundo fuimos superiores. Estos partidos sirven para que los chicos tengan minutos y los grandes tambi\u00e9n, porque estos son los jugadores que menos minutos vienen teniendo. El jugador cuando viene jugando poco, le falta ritmo de juego, y todo esto est\u00e1 bueno para que vayan agarrando el ritmo que no tienen\u201d, declar\u00f3 el DT interino.<\/p>\n<p><span style=\"text-align: left; text-transform: none; text-indent: 0px; letter-spacing: normal; font-family: georgia,palatino,serif; font-size: 12pt; font-variant: normal; font-weight: 400; text-decoration: none; word-spacing: 0px; display: inline !important; white-space: normal; orphans: 2; float: none; -webkit-text-stroke-width: 0px; background-color: #ffffff;\">Con respecto a los diferentes juveniles que disputaron el partido, asegur\u00f3: \u00abEst\u00e1 es una muy buena camada de reserva, tenemos muy buenos jugadores, que ojal\u00e1 nos den muchas alegr\u00edas, tengo la confianza de que van a dar un r\u00e9dito en el futuro, pero no hay que apresurarse, hay que insertarlos de a poco\u00bb.<\/span><\/p>\n<p>Por otra parte, agradeci\u00f3 el apoyo de la gente y destac\u00f3 el compromiso del plantel: \u201cSiento el apoyo de la gente, me llega. Este plantel se brinda d\u00eda a d\u00eda, entrena todos los d\u00edas a full, no se guarda nada y quiere salir de una situaci\u00f3n que no era la mejor. Es muy valorable eso, m\u00e1s all\u00e1 del apoyo. Est\u00e1 bueno que ellos mismos se propongan ser protagonistas\u201d.<\/p>\n<p>Para finalizar, se refiri\u00f3 a los pr\u00f3ximos compromisos de Independiente en la Superliga y el segundo amistoso: \u201cSi te va bien en el partido de Aldosivi, juega a favor. Si te va mal, juega en contra. As\u00ed es el f\u00fatbol. Fueron muchos d\u00edas que estuvimos parados. Cuando medianamente te acomod\u00e1s y ven\u00eds con resultados a favor, no s\u00e9 si est\u00e1 bueno el parate. El s\u00e1bado estamos jugando un amistoso con Temperley porque se suspendi\u00f3 el amistoso de Formosa. Me queda el otro grupo que tambi\u00e9n tiene que tener minutos\u201d.<\/p>\n","protected":false},"excerpt":{"rendered":"<div class=\"mh-excerpt\"><p>Fernando Ber\u00f3n analiz\u00f3 lo que fue la victoria de Independiente sobre Trist\u00e1n Su\u00e1rez en el amistoso y se refiri\u00f3 a su futuro. \u201cEn s\u00ed el partido no fue bueno. No hicimos un buen primer tiempo <a class=\"mh-excerpt-more\" href=\"https:\/\/www.masrojo.com.ar\/home\/2019\/11\/21\/fernando-beron-siento-el-apoyo-de-la-gente-me-llega\/\" title=\"Fernando Ber\u00f3n: \u00abSiento el apoyo de la gente, me llega\u00bb\">[&#8230;]<\/a><\/p>\n<\/div>","protected":false},"author":1,"featured_media":0,"comment_status":"closed","ping_status":"closed","sticky":false,"template":"","format":"standard","meta":{"_jetpack_memberships_contains_paid_content":false,"footnotes":"","jetpack_publicize_message":"","jetpack_publicize_feature_enabled":true,"jetpack_social_post_already_shared":true,"jetpack_social_options":{"image_generator_settings":{"template":"highway","enabled":false},"version":2}},"categories":[4],"tags":[782,53,440,17,830],"class_list":{"0":"post-34797","1":"post","2":"type-post","3":"status-publish","4":"format-standard","6":"category-actualidad","7":"tag-2-0","8":"tag-amistoso","9":"tag-fernando-beron","10":"tag-independiente","11":"tag-tristan-suarez"},"jetpack_publicize_connections":[],"jetpack_sharing_enabled":true,"jetpack_featured_media_url":"","jetpack_shortlink":"https:\/\/wp.me\/p90W9F-93f","_links":{"self":[{"href":"https:\/\/www.masrojo.com.ar\/home\/wp-json\/wp\/v2\/posts\/34797"}],"collection":[{"href":"https:\/\/www.masrojo.com.ar\/home\/wp-json\/wp\/v2\/posts"}],"about":[{"href":"https:\/\/www.masrojo.com.ar\/home\/wp-json\/wp\/v2\/types\/post"}],"author":[{"embeddable":true,"href":"https:\/\/www.masrojo.com.ar\/home\/wp-json\/wp\/v2\/users\/1"}],"replies":[{"embeddable":true,"href":"https:\/\/www.masrojo.com.ar\/home\/wp-json\/wp\/v2\/comments?post=34797"}],"version-history":[{"count":0,"href":"https:\/\/www.masrojo.com.ar\/home\/wp-json\/wp\/v2\/posts\/34797\/revisions"}],"wp:attachment":[{"href":"https:\/\/www.masrojo.com.ar\/home\/wp-json\/wp\/v2\/media?parent=34797"}],"wp:term":[{"taxonomy":"category","embeddable":true,"href":"https:\/\/www.masrojo.com.ar\/home\/wp-json\/wp\/v2\/categories?post=34797"},{"taxonomy":"post_tag","embeddable":true,"href":"https:\/\/www.masrojo.com.ar\/home\/wp-json\/wp\/v2\/tags?post=34797"}],"curies":[{"name":"wp","href":"https:\/\/api.w.org\/{rel}","templated":true}]}}