{"id":34817,"date":"2019-11-21T14:18:16","date_gmt":"2019-11-21T17:18:16","guid":{"rendered":"https:\/\/www.masrojo.com.ar\/home\/?p=34817"},"modified":"2019-11-21T14:18:16","modified_gmt":"2019-11-21T17:18:16","slug":"nos-vamos-a-juntar-en-la-semana-con-gente-de-la-oposicion-para-un-proyecto","status":"publish","type":"post","link":"https:\/\/www.masrojo.com.ar\/home\/2019\/11\/21\/nos-vamos-a-juntar-en-la-semana-con-gente-de-la-oposicion-para-un-proyecto\/","title":{"rendered":"\u00abNos vamos a juntar en la semana con gente de la oposici\u00f3n para un proyecto\u00bb"},"content":{"rendered":"<p style=\"text-align: justify;\"><em>Luis Islas habl\u00f3 en Rojos de Pasi\u00f3n que fue llamado por gente de la oposici\u00f3n para formar un nuevo proyecto de f\u00fatbol.<\/em><\/p>\n<p style=\"text-align: justify;\"><em>El ex arquero de Independiente cont\u00f3 que <strong>\u201cYo espero el llamado de #Independiente porque creo que puedo aportar mucho. Se c\u00f3mo es el club y c\u00f3mo hay que trabajar\u201d.<\/strong><\/em><\/p>\n<p style=\"text-align: justify;\"><em>El ex presidente de Independiente Andr\u00e9s Ducantenzelier llam\u00f3 a Luis Islas para que forme parte del proyecto de cara a las pr\u00f3ximas elecciones. En ese sentido Islas dijo que <strong>\u201cNos vamos a juntar en la semana con gente de la oposici\u00f3n para un proyecto. Los que est\u00e1n hoy no me llamaron\u201d. <\/strong><\/em><\/p>\n<p style=\"text-align: justify;\"><em>En cuanto al proyecto dijo que <strong>\u00abHay que tomar decisiones, no puede venir el representante del momento y traiga al t\u00e9cnico y 7, 8 u 9 jugadores, despu\u00e9s las cosas no salen bien y a los 5 meses se van 7 jugadores y vuelven a traer 6 o 7 jugadores nuevos; eso no puede pasar m\u00e1s, tenes que traer 3 jugadores puntuales y que su margen de error sea el m\u00ednimo<\/strong>\u00ab. Y agreg\u00f3 que<strong> \u201cTodos somos empleados de #Independiente. Cuando creemos que somos los due\u00f1os y sabemos todo los errores son grandes y lo termina pagando el club\u201d.<\/strong><\/em><\/p>\n<p style=\"text-align: justify;\"><em><strong>\u201cQuiero trabajar con el escudo en el pecho. Me gustar\u00eda ser secretario deportivo y tener el manejo del f\u00fatbol de Independiente\u00bb<\/strong>, afirm\u00f3.<\/em><\/p>\n<p style=\"text-align: justify;\"><em>Y adem\u00e1s dijo que<strong> \u201cYo no le fallar\u00eda a Independiente y la gente lo sabe. La cuesti\u00f3n econ\u00f3mica no es un problema\u201d.<\/strong><\/em><\/p>\n<p style=\"text-align: justify;\"><em>AUDIO ROJOS DE PASI\u00d3N<\/em><\/p>\n<p><iframe loading=\"lazy\" src=\"\/\/radiocut.fm\/audiocut\/embed\/mini\/luis-islas-en-rojos-pasion-20-11-19\/\" width=\"100%\" height=\"65px\" frameborder=\"no\" scrolling=\"no\"><\/iframe><\/p>\n","protected":false},"excerpt":{"rendered":"<div class=\"mh-excerpt\"><p>Luis Islas habl\u00f3 en Rojos de Pasi\u00f3n que fue llamado por gente de la oposici\u00f3n para formar un nuevo proyecto de f\u00fatbol. El ex arquero de Independiente cont\u00f3 que \u201cYo espero el llamado de #Independiente <a class=\"mh-excerpt-more\" href=\"https:\/\/www.masrojo.com.ar\/home\/2019\/11\/21\/nos-vamos-a-juntar-en-la-semana-con-gente-de-la-oposicion-para-un-proyecto\/\" title=\"\u00abNos vamos a juntar en la semana con gente de la oposici\u00f3n para un proyecto\u00bb\">[&#8230;]<\/a><\/p>\n<\/div>","protected":false},"author":6,"featured_media":32387,"comment_status":"closed","ping_status":"closed","sticky":false,"template":"","format":"video","meta":{"_jetpack_memberships_contains_paid_content":false,"footnotes":"","jetpack_publicize_message":"","jetpack_publicize_feature_enabled":true,"jetpack_social_post_already_shared":true,"jetpack_social_options":{"image_generator_settings":{"template":"highway","enabled":false},"version":2}},"categories":[4],"tags":[],"class_list":{"0":"post-34817","1":"post","2":"type-post","3":"status-publish","4":"format-video","5":"has-post-thumbnail","7":"category-actualidad","8":"post_format-post-format-video"},"jetpack_publicize_connections":[],"jetpack_sharing_enabled":true,"jetpack_featured_media_url":"https:\/\/i0.wp.com\/www.masrojo.com.ar\/home\/wp-content\/uploads\/luis-islas_862x485.jpg?fit=862%2C485&ssl=1","jetpack_shortlink":"https:\/\/wp.me\/p90W9F-93z","_links":{"self":[{"href":"https:\/\/www.masrojo.com.ar\/home\/wp-json\/wp\/v2\/posts\/34817"}],"collection":[{"href":"https:\/\/www.masrojo.com.ar\/home\/wp-json\/wp\/v2\/posts"}],"about":[{"href":"https:\/\/www.masrojo.com.ar\/home\/wp-json\/wp\/v2\/types\/post"}],"author":[{"embeddable":true,"href":"https:\/\/www.masrojo.com.ar\/home\/wp-json\/wp\/v2\/users\/6"}],"replies":[{"embeddable":true,"href":"https:\/\/www.masrojo.com.ar\/home\/wp-json\/wp\/v2\/comments?post=34817"}],"version-history":[{"count":0,"href":"https:\/\/www.masrojo.com.ar\/home\/wp-json\/wp\/v2\/posts\/34817\/revisions"}],"wp:featuredmedia":[{"embeddable":true,"href":"https:\/\/www.masrojo.com.ar\/home\/wp-json\/wp\/v2\/media\/32387"}],"wp:attachment":[{"href":"https:\/\/www.masrojo.com.ar\/home\/wp-json\/wp\/v2\/media?parent=34817"}],"wp:term":[{"taxonomy":"category","embeddable":true,"href":"https:\/\/www.masrojo.com.ar\/home\/wp-json\/wp\/v2\/categories?post=34817"},{"taxonomy":"post_tag","embeddable":true,"href":"https:\/\/www.masrojo.com.ar\/home\/wp-json\/wp\/v2\/tags?post=34817"}],"curies":[{"name":"wp","href":"https:\/\/api.w.org\/{rel}","templated":true}]}}