{"id":34847,"date":"2019-11-23T07:31:46","date_gmt":"2019-11-23T10:31:46","guid":{"rendered":"https:\/\/www.masrojo.com.ar\/home\/?p=34847"},"modified":"2019-11-23T07:31:46","modified_gmt":"2019-11-23T10:31:46","slug":"dara-sus-frutos","status":"publish","type":"post","link":"https:\/\/www.masrojo.com.ar\/home\/2019\/11\/23\/dara-sus-frutos\/","title":{"rendered":"\u00bfDAR\u00c1 SUS FRUTOS?"},"content":{"rendered":"<p style=\"text-align: justify;\">Nicol\u00e1s Frutos, otra alternativa para ser manager de Independiente. Tras la negativa de Forl\u00e1n, el tambi\u00e9n ex delantero del Rojo aparece con chances de hacerse cargo de la Secretar\u00eda t\u00e9cnica.Nicol\u00e1s Frutos, otra alternativa para ser manager de Independiente<\/p>\n<p style=\"text-align: justify;\">Independiente cierra el semestre sin director t\u00e9cnico definido (es concreta la posibilidad de que Fernando Ber\u00f3n contin\u00fae hasta junio) y en busca de un manager.<\/p>\n<p style=\"text-align: justify;\">La instituci\u00f3n de Avellaneda pens\u00f3 en Diego Forl\u00e1n para que se haga cargo de la Secretar\u00eda t\u00e9cnica, pero despu\u00e9s de avanzar en las charlas el uruguayo decidi\u00f3 que pretende ser entrenador.<\/p>\n<p style=\"text-align: justify;\">Ahora, otro exfutbolista con pasado en el club y tambi\u00e9n delantero aparece como una alternativa: Nicol\u00e1s Frutos.<\/p>\n<p style=\"text-align: justify;\">El santafesino viaj\u00f3 hoy a Buenos Aires y comenz\u00f3 a dialogar sobre la posibilidad de ser el manager de Independiente. Si bien es por el momento una alternativa, la charla fue positiva y quedaron en reunirse en una par de semanas.<\/p>\n<p style=\"text-align: justify;\">Frutos, de 38 a\u00f1os, jug\u00f3 en Independiente en 2005 y luego pas\u00f3 al Anderlecht, equipo belga en el que se retir\u00f3 en 2010 y condujo de manera interina en 2017. Este a\u00f1o, tuvo un breve paso por el San Luis de Quillota, del ascenso de Chile.<\/p>\n","protected":false},"excerpt":{"rendered":"<div class=\"mh-excerpt\"><p>Nicol\u00e1s Frutos, otra alternativa para ser manager de Independiente. Tras la negativa de Forl\u00e1n, el tambi\u00e9n ex delantero del Rojo aparece con chances de hacerse cargo de la Secretar\u00eda t\u00e9cnica.Nicol\u00e1s Frutos, otra alternativa para ser <a class=\"mh-excerpt-more\" href=\"https:\/\/www.masrojo.com.ar\/home\/2019\/11\/23\/dara-sus-frutos\/\" title=\"\u00bfDAR\u00c1 SUS FRUTOS?\">[&#8230;]<\/a><\/p>\n<\/div>","protected":false},"author":6,"featured_media":0,"comment_status":"closed","ping_status":"closed","sticky":false,"template":"","format":"image","meta":{"_jetpack_memberships_contains_paid_content":false,"footnotes":"","jetpack_publicize_message":"","jetpack_publicize_feature_enabled":true,"jetpack_social_post_already_shared":true,"jetpack_social_options":{"image_generator_settings":{"template":"highway","enabled":false},"version":2}},"categories":[4],"tags":[],"class_list":{"0":"post-34847","1":"post","2":"type-post","3":"status-publish","4":"format-image","6":"category-actualidad","7":"post_format-post-format-image"},"jetpack_publicize_connections":[],"jetpack_sharing_enabled":true,"jetpack_featured_media_url":"","jetpack_shortlink":"https:\/\/wp.me\/p90W9F-943","_links":{"self":[{"href":"https:\/\/www.masrojo.com.ar\/home\/wp-json\/wp\/v2\/posts\/34847"}],"collection":[{"href":"https:\/\/www.masrojo.com.ar\/home\/wp-json\/wp\/v2\/posts"}],"about":[{"href":"https:\/\/www.masrojo.com.ar\/home\/wp-json\/wp\/v2\/types\/post"}],"author":[{"embeddable":true,"href":"https:\/\/www.masrojo.com.ar\/home\/wp-json\/wp\/v2\/users\/6"}],"replies":[{"embeddable":true,"href":"https:\/\/www.masrojo.com.ar\/home\/wp-json\/wp\/v2\/comments?post=34847"}],"version-history":[{"count":0,"href":"https:\/\/www.masrojo.com.ar\/home\/wp-json\/wp\/v2\/posts\/34847\/revisions"}],"wp:attachment":[{"href":"https:\/\/www.masrojo.com.ar\/home\/wp-json\/wp\/v2\/media?parent=34847"}],"wp:term":[{"taxonomy":"category","embeddable":true,"href":"https:\/\/www.masrojo.com.ar\/home\/wp-json\/wp\/v2\/categories?post=34847"},{"taxonomy":"post_tag","embeddable":true,"href":"https:\/\/www.masrojo.com.ar\/home\/wp-json\/wp\/v2\/tags?post=34847"}],"curies":[{"name":"wp","href":"https:\/\/api.w.org\/{rel}","templated":true}]}}