{"id":34855,"date":"2019-11-23T07:36:17","date_gmt":"2019-11-23T10:36:17","guid":{"rendered":"https:\/\/www.masrojo.com.ar\/home\/?p=34855"},"modified":"2019-11-23T07:36:17","modified_gmt":"2019-11-23T10:36:17","slug":"de-interino-a-confirmado","status":"publish","type":"post","link":"https:\/\/www.masrojo.com.ar\/home\/2019\/11\/23\/de-interino-a-confirmado\/","title":{"rendered":"\u00bfDE INTERINO A CONFIRMADO?"},"content":{"rendered":"<p style=\"text-align: justify;\">Ber\u00f3n podr\u00eda ser ratificado como entrenador de Independiente. La dirigencia del Rojo empieza a ver con buenos ojos la permanencia del actual entrenador interino por un largo plazo. Los \u00faltimos dos partidos del a\u00f1o pueden terminar de definir la cuesti\u00f3n.<br \/>\nBer\u00f3n podr\u00eda ser ratificado como entrenador de Independiente<\/p>\n<p style=\"text-align: justify;\">Despu\u00e9s de que se cayera la posibilidad de incorporar a Diego Forl\u00e1n como cabeza de una secretar\u00eda t\u00e9cnica y a partir de la llegada del uruguayo Independiente saliera a la b\u00fasqueda de un nuevo entrenador, y teniendo en cuenta que al cabo de tres partidos, Fernando Ber\u00f3n ha conseguido levantar el nivel del equipo, que con \u00e9l en el banco consigui\u00f3 un empate y dos triunfos, el entrenador interino del Rojo podr\u00eda ser ratificado.<\/p>\n<p style=\"text-align: justify;\">De a poco, la dirigencia del club de Avellaneda empieza a considerar seriamente la posibilidad de que Ber\u00f3n se quede como entrenador del equipo hasta el final de la temporada, all\u00e1 por junio del a\u00f1o que viene. Todav\u00eda no piensan en ofrecerle el cargo definitivo por el resto del campeonato, porque en cuesti\u00f3n de pocos d\u00edas, Independiente tendr\u00e1 tres partidos por Superliga para terminar el 2019 que podr\u00e1n marcar el futuro del DT.<\/p>\n<p style=\"text-align: justify;\">Este fin de semana no jugar\u00e1 porque el rival era River y el Millonario disputar\u00e1 la final de la Copa Libertadores, por lo que el cl\u00e1sico se pas\u00f3 para enero del a\u00f1o pr\u00f3ximo. Aldosivi, en Mar del Plata, y Banfield y Newell&#8217;s en Avellaneda son las pruebas que tendr\u00e1n Ber\u00f3n y el plantel, donde todo hace parecer que si los resultados son buenos y el rendimiento sigue mejorando, puede haber Ber\u00f3n para rato en Independiente.<\/p>\n<p style=\"text-align: right;\"><span style=\"font-size: 8pt;\">TyC Sports<\/span><\/p>\n","protected":false},"excerpt":{"rendered":"<div class=\"mh-excerpt\"><p>Ber\u00f3n podr\u00eda ser ratificado como entrenador de Independiente. La dirigencia del Rojo empieza a ver con buenos ojos la permanencia del actual entrenador interino por un largo plazo. Los \u00faltimos dos partidos del a\u00f1o pueden <a class=\"mh-excerpt-more\" href=\"https:\/\/www.masrojo.com.ar\/home\/2019\/11\/23\/de-interino-a-confirmado\/\" title=\"\u00bfDE INTERINO A CONFIRMADO?\">[&#8230;]<\/a><\/p>\n<\/div>","protected":false},"author":6,"featured_media":0,"comment_status":"closed","ping_status":"closed","sticky":false,"template":"","format":"image","meta":{"_jetpack_memberships_contains_paid_content":false,"footnotes":"","jetpack_publicize_message":"","jetpack_publicize_feature_enabled":true,"jetpack_social_post_already_shared":true,"jetpack_social_options":{"image_generator_settings":{"template":"highway","enabled":false},"version":2}},"categories":[4],"tags":[],"class_list":{"0":"post-34855","1":"post","2":"type-post","3":"status-publish","4":"format-image","6":"category-actualidad","7":"post_format-post-format-image"},"jetpack_publicize_connections":[],"jetpack_sharing_enabled":true,"jetpack_featured_media_url":"","jetpack_shortlink":"https:\/\/wp.me\/p90W9F-94b","_links":{"self":[{"href":"https:\/\/www.masrojo.com.ar\/home\/wp-json\/wp\/v2\/posts\/34855"}],"collection":[{"href":"https:\/\/www.masrojo.com.ar\/home\/wp-json\/wp\/v2\/posts"}],"about":[{"href":"https:\/\/www.masrojo.com.ar\/home\/wp-json\/wp\/v2\/types\/post"}],"author":[{"embeddable":true,"href":"https:\/\/www.masrojo.com.ar\/home\/wp-json\/wp\/v2\/users\/6"}],"replies":[{"embeddable":true,"href":"https:\/\/www.masrojo.com.ar\/home\/wp-json\/wp\/v2\/comments?post=34855"}],"version-history":[{"count":0,"href":"https:\/\/www.masrojo.com.ar\/home\/wp-json\/wp\/v2\/posts\/34855\/revisions"}],"wp:attachment":[{"href":"https:\/\/www.masrojo.com.ar\/home\/wp-json\/wp\/v2\/media?parent=34855"}],"wp:term":[{"taxonomy":"category","embeddable":true,"href":"https:\/\/www.masrojo.com.ar\/home\/wp-json\/wp\/v2\/categories?post=34855"},{"taxonomy":"post_tag","embeddable":true,"href":"https:\/\/www.masrojo.com.ar\/home\/wp-json\/wp\/v2\/tags?post=34855"}],"curies":[{"name":"wp","href":"https:\/\/api.w.org\/{rel}","templated":true}]}}