{"id":34873,"date":"2019-11-24T07:43:46","date_gmt":"2019-11-24T10:43:46","guid":{"rendered":"https:\/\/www.masrojo.com.ar\/home\/?p=34873"},"modified":"2019-11-24T07:49:59","modified_gmt":"2019-11-24T10:49:59","slug":"en-redrado","status":"publish","type":"post","link":"https:\/\/www.masrojo.com.ar\/home\/2019\/11\/24\/en-redrado\/","title":{"rendered":"EN-REDRADO"},"content":{"rendered":"<p style=\"text-align: justify;\">La econom\u00eda de Independiente est\u00e1 en el peor momento de la gesti\u00f3n Moyano. Por eso el presidente pens\u00f3 en el ex titular del Banco Central, Mart\u00edn Redrado para que lo ayude a acomodar las cuentas.<\/p>\n<p style=\"text-align: justify;\"><strong>Deudas, faltas de pago, sanciones, multas y reclamos varios azotan la econom\u00eda de Independiente luego del despilfarro econ\u00f3mico de los mercados de pases de Holan y Beccacece sumado a un pasivo que crece al galope, la gesti\u00f3n de Hugo y Pablo Moyano a la cabeza parece haberse metido en un callej\u00f3n sin salida en el que Independiente sufre econ\u00f3micamente desde hace un a\u00f1o y medio.<\/strong><\/p>\n<p style=\"text-align: justify;\">A eso s<strong>e le suma los alt\u00edsimos contratos firmados a los principales jugadores del plantel profesional,<\/strong> que hacen que hasta haya sido advertido por Superliga con posible quita de puntos.<\/p>\n<p style=\"text-align: justify;\">Es por eso que <strong>hay que empezar a buscar soluciones urgentes<\/strong>. <strong>Moyano llam\u00f3 a Redrado para sumarlo al equipo econ\u00f3mico<\/strong> de Independiente. La idea del mandam\u00e1s del Rojo es que el expresidente del Banco Central colabore como auditor sin un cargo concreto en la dirigencia.<\/p>\n<p style=\"text-align: justify;\">Redrado, quien fue presidente del Banco Central entre 2004 y 2010 y es confeso hincha del Rojo, tambi\u00e9n aparece como posible funcionario del gobierno de Alberto Fern\u00e1ndez, quien semanas atr\u00e1s lo mencion\u00f3 incluso como un posible integrante del gabinete, algo que finalmente no se concretar\u00eda.<\/p>\n<p style=\"text-align: justify;\">El contacto se hizo y Redrado qued\u00f3 en contestar. Desde la CD le pidieron hacer una auditor\u00eda y analizar los n\u00fameros del club. A\u00fan no acept\u00f3 por una cuesti\u00f3n de compromisos laborales y falta de tiempo. Tampoco se neg\u00f3.<\/p>\n","protected":false},"excerpt":{"rendered":"<div class=\"mh-excerpt\"><p>La econom\u00eda de Independiente est\u00e1 en el peor momento de la gesti\u00f3n Moyano. Por eso el presidente pens\u00f3 en el ex titular del Banco Central, Mart\u00edn Redrado para que lo ayude a acomodar las cuentas. <a class=\"mh-excerpt-more\" href=\"https:\/\/www.masrojo.com.ar\/home\/2019\/11\/24\/en-redrado\/\" title=\"EN-REDRADO\">[&#8230;]<\/a><\/p>\n<\/div>","protected":false},"author":6,"featured_media":34874,"comment_status":"closed","ping_status":"closed","sticky":false,"template":"","format":"image","meta":{"_jetpack_memberships_contains_paid_content":false,"footnotes":"","jetpack_publicize_message":"","jetpack_publicize_feature_enabled":true,"jetpack_social_post_already_shared":true,"jetpack_social_options":{"image_generator_settings":{"template":"highway","enabled":false},"version":2}},"categories":[4],"tags":[],"class_list":{"0":"post-34873","1":"post","2":"type-post","3":"status-publish","4":"format-image","5":"has-post-thumbnail","7":"category-actualidad","8":"post_format-post-format-image"},"jetpack_publicize_connections":[],"jetpack_sharing_enabled":true,"jetpack_featured_media_url":"https:\/\/i0.wp.com\/www.masrojo.com.ar\/home\/wp-content\/uploads\/REDRADO.jpg?fit=1140%2C640&ssl=1","jetpack_shortlink":"https:\/\/wp.me\/p90W9F-94t","_links":{"self":[{"href":"https:\/\/www.masrojo.com.ar\/home\/wp-json\/wp\/v2\/posts\/34873"}],"collection":[{"href":"https:\/\/www.masrojo.com.ar\/home\/wp-json\/wp\/v2\/posts"}],"about":[{"href":"https:\/\/www.masrojo.com.ar\/home\/wp-json\/wp\/v2\/types\/post"}],"author":[{"embeddable":true,"href":"https:\/\/www.masrojo.com.ar\/home\/wp-json\/wp\/v2\/users\/6"}],"replies":[{"embeddable":true,"href":"https:\/\/www.masrojo.com.ar\/home\/wp-json\/wp\/v2\/comments?post=34873"}],"version-history":[{"count":0,"href":"https:\/\/www.masrojo.com.ar\/home\/wp-json\/wp\/v2\/posts\/34873\/revisions"}],"wp:featuredmedia":[{"embeddable":true,"href":"https:\/\/www.masrojo.com.ar\/home\/wp-json\/wp\/v2\/media\/34874"}],"wp:attachment":[{"href":"https:\/\/www.masrojo.com.ar\/home\/wp-json\/wp\/v2\/media?parent=34873"}],"wp:term":[{"taxonomy":"category","embeddable":true,"href":"https:\/\/www.masrojo.com.ar\/home\/wp-json\/wp\/v2\/categories?post=34873"},{"taxonomy":"post_tag","embeddable":true,"href":"https:\/\/www.masrojo.com.ar\/home\/wp-json\/wp\/v2\/tags?post=34873"}],"curies":[{"name":"wp","href":"https:\/\/api.w.org\/{rel}","templated":true}]}}