{"id":34879,"date":"2019-11-25T10:32:47","date_gmt":"2019-11-25T13:32:47","guid":{"rendered":"https:\/\/www.masrojo.com.ar\/home\/?p=34879"},"modified":"2019-11-25T10:32:47","modified_gmt":"2019-11-25T13:32:47","slug":"queremos-que-beron-continue-hasta-junio","status":"publish","type":"post","link":"https:\/\/www.masrojo.com.ar\/home\/2019\/11\/25\/queremos-que-beron-continue-hasta-junio\/","title":{"rendered":"\u00abQueremos que Ber\u00f3n contin\u00fae hasta Junio\u00bb"},"content":{"rendered":"<p style=\"text-align: justify;\">H\u00e9ctor Maldonado, secretario general del club habl\u00f3 en Independiente de Am\u00e9rica sobre los deseos de siga Fernando Ber\u00f3n.<\/p>\n<p style=\"text-align: justify;\">\u00abTodav\u00eda no nos juntamos con Ber\u00f3n pero la idea nuestra es que contin\u00fae hasta Junio\u00bb, afirm\u00f3.<\/p>\n<p style=\"text-align: justify;\">Sobre la reuni\u00f3n con Nicol\u00e1s Frutos y que pueda ser parte de la secretar\u00eda t\u00e9cnica dijo \u00ablo de Frutos fue un encuentro casual y charlamos de f\u00fatbol y de su trabajo en B\u00e9lgica. No hablamos de la Secretar\u00eda T\u00e9cnica como sali\u00f3 en los medios\u00bb.<\/p>\n<p style=\"text-align: justify;\">En cuanto a la situaci\u00f3n econ\u00f3mica dijo que \u00abTenemos inconvenientes debido a la devaluaci\u00f3n del d\u00f3lar. Mart\u00edn Redrado va a hacer una auditor\u00eda. Recurrimos a \u00e9l porque es excelente profesional. Es para que nosotros tengamos seguridad de que las cosas se hicieron bien. Nos confirm\u00f3 q lo har\u00e1 pero los primeros d\u00edas de Diciembre porque est\u00e1 de viaje\u00bb.<\/p>\n<p style=\"text-align: justify;\">Sobre las declaraciones de Damiani dijo que \u00abPuma Damiani es un amigo que puso el pecho con nosotros cuando est\u00e1bamos en la B\u00bb<\/p>\n<p>&nbsp;<\/p>\n<p>AUDIO<\/p>\n<p><iframe loading=\"lazy\" src=\"\/\/ar.radiocut.fm\/audiocut\/embed\/mini\/hector-maldonado-independiente-america\/\" width=\"100%\" height=\"65px\" frameborder=\"no\" scrolling=\"no\"><\/iframe><\/p>\n","protected":false},"excerpt":{"rendered":"<div class=\"mh-excerpt\"><p>H\u00e9ctor Maldonado, secretario general del club habl\u00f3 en Independiente de Am\u00e9rica sobre los deseos de siga Fernando Ber\u00f3n. \u00abTodav\u00eda no nos juntamos con Ber\u00f3n pero la idea nuestra es que contin\u00fae hasta Junio\u00bb, afirm\u00f3. Sobre <a class=\"mh-excerpt-more\" href=\"https:\/\/www.masrojo.com.ar\/home\/2019\/11\/25\/queremos-que-beron-continue-hasta-junio\/\" title=\"\u00abQueremos que Ber\u00f3n contin\u00fae hasta Junio\u00bb\">[&#8230;]<\/a><\/p>\n<\/div>","protected":false},"author":6,"featured_media":403,"comment_status":"closed","ping_status":"closed","sticky":false,"template":"","format":"audio","meta":{"_jetpack_memberships_contains_paid_content":false,"footnotes":"","jetpack_publicize_message":"","jetpack_publicize_feature_enabled":true,"jetpack_social_post_already_shared":true,"jetpack_social_options":{"image_generator_settings":{"template":"highway","enabled":false},"version":2}},"categories":[4],"tags":[],"class_list":{"0":"post-34879","1":"post","2":"type-post","3":"status-publish","4":"format-audio","5":"has-post-thumbnail","7":"category-actualidad","8":"post_format-post-format-audio"},"jetpack_publicize_connections":[],"jetpack_sharing_enabled":true,"jetpack_featured_media_url":"https:\/\/i0.wp.com\/www.masrojo.com.ar\/home\/wp-content\/uploads\/2017\/07\/YOYO1-e1440626460490.jpg?fit=1512%2C704&ssl=1","jetpack_shortlink":"https:\/\/wp.me\/p90W9F-94z","_links":{"self":[{"href":"https:\/\/www.masrojo.com.ar\/home\/wp-json\/wp\/v2\/posts\/34879"}],"collection":[{"href":"https:\/\/www.masrojo.com.ar\/home\/wp-json\/wp\/v2\/posts"}],"about":[{"href":"https:\/\/www.masrojo.com.ar\/home\/wp-json\/wp\/v2\/types\/post"}],"author":[{"embeddable":true,"href":"https:\/\/www.masrojo.com.ar\/home\/wp-json\/wp\/v2\/users\/6"}],"replies":[{"embeddable":true,"href":"https:\/\/www.masrojo.com.ar\/home\/wp-json\/wp\/v2\/comments?post=34879"}],"version-history":[{"count":0,"href":"https:\/\/www.masrojo.com.ar\/home\/wp-json\/wp\/v2\/posts\/34879\/revisions"}],"wp:featuredmedia":[{"embeddable":true,"href":"https:\/\/www.masrojo.com.ar\/home\/wp-json\/wp\/v2\/media\/403"}],"wp:attachment":[{"href":"https:\/\/www.masrojo.com.ar\/home\/wp-json\/wp\/v2\/media?parent=34879"}],"wp:term":[{"taxonomy":"category","embeddable":true,"href":"https:\/\/www.masrojo.com.ar\/home\/wp-json\/wp\/v2\/categories?post=34879"},{"taxonomy":"post_tag","embeddable":true,"href":"https:\/\/www.masrojo.com.ar\/home\/wp-json\/wp\/v2\/tags?post=34879"}],"curies":[{"name":"wp","href":"https:\/\/api.w.org\/{rel}","templated":true}]}}