{"id":34887,"date":"2019-11-25T21:43:21","date_gmt":"2019-11-26T00:43:21","guid":{"rendered":"https:\/\/www.masrojo.com.ar\/home\/?p=34887"},"modified":"2019-11-25T21:43:21","modified_gmt":"2019-11-26T00:43:21","slug":"por-ahora-lo-veo-dificil","status":"publish","type":"post","link":"https:\/\/www.masrojo.com.ar\/home\/2019\/11\/25\/por-ahora-lo-veo-dificil\/","title":{"rendered":"\u00abPor ahora lo veo dif\u00edcil\u00bb"},"content":{"rendered":"<p style=\"text-align: justify;\" align=\"justify\">Otra vez el nombre de Pablo P\u00e9rez comenz\u00f3 a sonar por el Parque de la Independencia, pero nuevamente y por ahora es s\u00f3lo eso: un rumor. Al menos as\u00ed se lo aclar\u00f3 el propio volante a Ovaci\u00f3n con el fin de poner un freno y pintar la realidad del presente. \u201cLa verdad es que nadie se comunic\u00f3 conmigo. En Independiente tengo un a\u00f1o y medio de contrato y por eso lo veo dif\u00edcil\u201d, sentenci\u00f3 una de las partes involucradas en el tema y para aclarar la situaci\u00f3n actual. Hoy todo est\u00e1 as\u00ed y en el medio de intenciones leprosas, sin negociaciones claras y determinantes.<\/p>\n<p style=\"text-align: justify;\" align=\"justify\">\u2008\u2002\u2002Por supuesto que en el f\u00fatbol lo que hoy no es ma\u00f1ana puede ser. Nada es imposible, aunque el panorama teniendo en cuenta las propias palabras de P\u00e9rez por el momento resultar\u00eda inviable una negociaci\u00f3n y un regreso inmediato a Newell\u2019s para cumplir con su anhelo de volver a ponerse la rojinegra. \u201cNo s\u00e9 qu\u00e9 puede pasar en el receso, pero hoy nadie me habl\u00f3\u201d, insisti\u00f3 el volante que actualmente defiende los colores del rojo de Avellaneda y tiene todas las energ\u00edas puestas en los cotejos que se vienen ante Aldosivi, Banfield y el propio Newell\u2019s, en el juego pendiente de la segunda fecha.<\/p>\n<p style=\"text-align: justify;\" align=\"justify\">\u2008\u2002\u2002Est\u00e1 claro que PP8 pretende regresar al Parque, por tercera vez en su carrera, y es lo que manifest\u00f3 en reiteradas oportunidades, aunque la actualidad marca que tiene un contrato vigente con Independiente, algo que hace compleja una posible negociaci\u00f3n con Newell\u2019s. Sobre todo desde lo econ\u00f3mico y porque la lepra permanece en el paraguas judicial, hay un juez que maneja la econom\u00eda y hoy ser\u00eda muy dif\u00edcil afrontar una inversi\u00f3n importante. No s\u00f3lo por el pase sino tambi\u00e9n por el contrato del futbolista.<\/p>\n<p style=\"text-align: justify;\" align=\"justify\">\u2008\u2002\u2002Es cierto que las relaciones de algunos jugadores experimentados y\/o dirigentes con P\u00e9rez pueden acercar posiciones y que de esa forma aparezcan \u201cinvitaciones\u201d para una vuelta al club que lo vio nacer. Pero una cosa son las relaciones humanas y otras las econ\u00f3micas, los negocios. Y en el medio de todo esto no s\u00f3lo aparece el futbolista sino la entidad a la que actualmente representa.<\/p>\n<p style=\"text-align: justify;\" align=\"justify\">\u2008\u2002\u2002Tambi\u00e9n es verdad que P\u00e9rez manifest\u00f3 p\u00fablicamente su ilusi\u00f3n de regresar a Newell\u2019s con el fin de transitar sus \u00faltimos a\u00f1os de carrera en en club que lo lanz\u00f3 al escenario futbol\u00edstico. Y seguramente cumplir\u00e1 con esa idea, aunque teniendo en cuenta lo que le manifest\u00f3 a este diario por ahora no habr\u00eda llegado el momento. Salvo que Newell\u2019s vaya a negociar con sus pares de Avellaneda y puedan afrontar un gasto importante para repatriarlo, una empresa que resultar\u00eda cuesta arriba.<\/p>\n<p style=\"text-align: justify;\" align=\"justify\">\u2008\u2002\u2002El volante, de 34, a\u00f1os lleg\u00f3 al rojo en la temporada 2018\/19, donde jug\u00f3 17 partidos y su salida parecer\u00eda inminente de acuerdo a lo que trascendi\u00f3 desde Avellaneda. Y uno de los motivos ser\u00eda que la entidad buscar\u00eda un recorte salarial a fin de temporada. P\u00e9rez tiene contrato hasta junio de 2021, pero el contexto es un tanto complicado y el futuro no s\u00f3lo depender\u00e1 de lo que pretenda hacer la dirigencia de Independiente, sino \u2014sobre todo\u2014 lo que decida el propio jugador.<\/p>\n<p style=\"text-align: justify;\" align=\"justify\">Lleg\u00f3 al rojo hace 10 meses<\/p>\n<p style=\"text-align: justify;\" align=\"justify\">El 21 de enero del presente a\u00f1o P\u00e9rez fue presentado oficialmente como refuerzo de Independiente. La negociaci\u00f3n con Boca, donde hab\u00eda cumplido un ciclo, se cerr\u00f3 a pr\u00e9stamo a cambio de 450 mil d\u00f3lares. Y en el contrato se estableci\u00f3 que cuando completara cinco encuentros el rojo deb\u00eda ejecutar una obligaci\u00f3n de compra de u$s 650.000.<\/p>\n<p style=\"text-align: justify;\" align=\"justify\">\u2008\u2002\u2002Hoy el experimentado y temperamental volante \u201ces uno de los contratos m\u00e1s altos que tiene la entidad\u201d, dijeron desde Avellaneda, y es por eso que existe una intenci\u00f3n de negociarlo ya que los dirigentes pretenden achicar el presupuesto del f\u00fatbol. Por supuesto que esa es la idea de los directivos de Independiente y en este caso el volante se mantiene al margen. La idea por el momento es continuar entrenando para cerrar el primer semestre de la Superliga de la mejor manera ya que, como dijo, \u201ctengo un a\u00f1o m\u00e1s de contrato\u201d.<\/p>\n","protected":false},"excerpt":{"rendered":"<div class=\"mh-excerpt\"><p>Otra vez el nombre de Pablo P\u00e9rez comenz\u00f3 a sonar por el Parque de la Independencia, pero nuevamente y por ahora es s\u00f3lo eso: un rumor. Al menos as\u00ed se lo aclar\u00f3 el propio volante <a class=\"mh-excerpt-more\" href=\"https:\/\/www.masrojo.com.ar\/home\/2019\/11\/25\/por-ahora-lo-veo-dificil\/\" title=\"\u00abPor ahora lo veo dif\u00edcil\u00bb\">[&#8230;]<\/a><\/p>\n<\/div>","protected":false},"author":6,"featured_media":0,"comment_status":"closed","ping_status":"closed","sticky":false,"template":"","format":"image","meta":{"_jetpack_memberships_contains_paid_content":false,"footnotes":"","jetpack_publicize_message":"","jetpack_publicize_feature_enabled":true,"jetpack_social_post_already_shared":true,"jetpack_social_options":{"image_generator_settings":{"template":"highway","enabled":false},"version":2}},"categories":[4],"tags":[],"class_list":{"0":"post-34887","1":"post","2":"type-post","3":"status-publish","4":"format-image","6":"category-actualidad","7":"post_format-post-format-image"},"jetpack_publicize_connections":[],"jetpack_sharing_enabled":true,"jetpack_featured_media_url":"","jetpack_shortlink":"https:\/\/wp.me\/p90W9F-94H","_links":{"self":[{"href":"https:\/\/www.masrojo.com.ar\/home\/wp-json\/wp\/v2\/posts\/34887"}],"collection":[{"href":"https:\/\/www.masrojo.com.ar\/home\/wp-json\/wp\/v2\/posts"}],"about":[{"href":"https:\/\/www.masrojo.com.ar\/home\/wp-json\/wp\/v2\/types\/post"}],"author":[{"embeddable":true,"href":"https:\/\/www.masrojo.com.ar\/home\/wp-json\/wp\/v2\/users\/6"}],"replies":[{"embeddable":true,"href":"https:\/\/www.masrojo.com.ar\/home\/wp-json\/wp\/v2\/comments?post=34887"}],"version-history":[{"count":0,"href":"https:\/\/www.masrojo.com.ar\/home\/wp-json\/wp\/v2\/posts\/34887\/revisions"}],"wp:attachment":[{"href":"https:\/\/www.masrojo.com.ar\/home\/wp-json\/wp\/v2\/media?parent=34887"}],"wp:term":[{"taxonomy":"category","embeddable":true,"href":"https:\/\/www.masrojo.com.ar\/home\/wp-json\/wp\/v2\/categories?post=34887"},{"taxonomy":"post_tag","embeddable":true,"href":"https:\/\/www.masrojo.com.ar\/home\/wp-json\/wp\/v2\/tags?post=34887"}],"curies":[{"name":"wp","href":"https:\/\/api.w.org\/{rel}","templated":true}]}}