{"id":34906,"date":"2019-11-26T10:49:23","date_gmt":"2019-11-26T13:49:23","guid":{"rendered":"https:\/\/www.masrojo.com.ar\/home\/?p=34906"},"modified":"2019-11-26T10:49:23","modified_gmt":"2019-11-26T13:49:23","slug":"volvieron-5","status":"publish","type":"post","link":"https:\/\/www.masrojo.com.ar\/home\/2019\/11\/26\/volvieron-5\/","title":{"rendered":"VOLVIERON"},"content":{"rendered":"<p style=\"text-align: justify;\">El plantel de Independiente entreno esta ma\u00f1ana en el predio de Villa Dom\u00ednico, con la incorporaci\u00f3n de Mart\u00edn Campa\u00f1a y Gast\u00f3n Silva a los trabajos grupales luego de formar parte de la convocatoria del seleccionado uruguayo por fecha FIFA.<\/p>\n<p style=\"text-align: justify;\">Los futbolistas que jugaron el amistoso ante Temperley realizaron ejercicios f\u00edsicos regenerativos y trabajos leves con pelota, mientras que el resto llevo a cabo trabajos t\u00e1cticos.<\/p>\n<p style=\"text-align: justify;\">Por otra parte, Pablo Hern\u00e1ndez y Alexander Barboza trabajaron de manera diferenciada por sus respectivas lesiones.<\/p>\n","protected":false},"excerpt":{"rendered":"<div class=\"mh-excerpt\"><p>El plantel de Independiente entreno esta ma\u00f1ana en el predio de Villa Dom\u00ednico, con la incorporaci\u00f3n de Mart\u00edn Campa\u00f1a y Gast\u00f3n Silva a los trabajos grupales luego de formar parte de la convocatoria del seleccionado <a class=\"mh-excerpt-more\" href=\"https:\/\/www.masrojo.com.ar\/home\/2019\/11\/26\/volvieron-5\/\" title=\"VOLVIERON\">[&#8230;]<\/a><\/p>\n<\/div>","protected":false},"author":6,"featured_media":0,"comment_status":"closed","ping_status":"closed","sticky":false,"template":"","format":"image","meta":{"_jetpack_memberships_contains_paid_content":false,"footnotes":"","jetpack_publicize_message":"","jetpack_publicize_feature_enabled":true,"jetpack_social_post_already_shared":true,"jetpack_social_options":{"image_generator_settings":{"template":"highway","enabled":false},"version":2}},"categories":[4],"tags":[],"class_list":{"0":"post-34906","1":"post","2":"type-post","3":"status-publish","4":"format-image","6":"category-actualidad","7":"post_format-post-format-image"},"jetpack_publicize_connections":[],"jetpack_sharing_enabled":true,"jetpack_featured_media_url":"","jetpack_shortlink":"https:\/\/wp.me\/p90W9F-950","_links":{"self":[{"href":"https:\/\/www.masrojo.com.ar\/home\/wp-json\/wp\/v2\/posts\/34906"}],"collection":[{"href":"https:\/\/www.masrojo.com.ar\/home\/wp-json\/wp\/v2\/posts"}],"about":[{"href":"https:\/\/www.masrojo.com.ar\/home\/wp-json\/wp\/v2\/types\/post"}],"author":[{"embeddable":true,"href":"https:\/\/www.masrojo.com.ar\/home\/wp-json\/wp\/v2\/users\/6"}],"replies":[{"embeddable":true,"href":"https:\/\/www.masrojo.com.ar\/home\/wp-json\/wp\/v2\/comments?post=34906"}],"version-history":[{"count":0,"href":"https:\/\/www.masrojo.com.ar\/home\/wp-json\/wp\/v2\/posts\/34906\/revisions"}],"wp:attachment":[{"href":"https:\/\/www.masrojo.com.ar\/home\/wp-json\/wp\/v2\/media?parent=34906"}],"wp:term":[{"taxonomy":"category","embeddable":true,"href":"https:\/\/www.masrojo.com.ar\/home\/wp-json\/wp\/v2\/categories?post=34906"},{"taxonomy":"post_tag","embeddable":true,"href":"https:\/\/www.masrojo.com.ar\/home\/wp-json\/wp\/v2\/tags?post=34906"}],"curies":[{"name":"wp","href":"https:\/\/api.w.org\/{rel}","templated":true}]}}