{"id":34920,"date":"2019-11-26T12:52:26","date_gmt":"2019-11-26T15:52:26","guid":{"rendered":"https:\/\/www.masrojo.com.ar\/home\/?p=34920"},"modified":"2019-11-26T13:29:54","modified_gmt":"2019-11-26T16:29:54","slug":"andres-ducatenzeiler-el-club-esta-privatizado","status":"publish","type":"post","link":"https:\/\/www.masrojo.com.ar\/home\/2019\/11\/26\/andres-ducatenzeiler-el-club-esta-privatizado\/","title":{"rendered":"Andr\u00e9s Ducatenzeiler: \u00abEl club est\u00e1 privatizado\u00bb"},"content":{"rendered":"<p class=\"p1\" style=\"text-align: justify;\"><span class=\"s1\">Andr\u00e9s Ducatenzeiler, ex presidente de Independiente, pas\u00f3 por los micr\u00f3fonos de<strong> Mas Rojo<\/strong> y fue muy cr\u00edtico con sus declaraciones acerca de la dirigencia actual.<br \/>\n<\/span><\/p>\n<p class=\"p1\" style=\"text-align: justify;\">Para comenzar, se mostr\u00f3 molesto por la decisi\u00f3n de expulsar a Javier Cantero como socio del club: \u00abNo me gust\u00f3 el procedimiento de echar a un ex presidente del club. <b>Es una mancha negra en la institucionalidad<\/b>. Est\u00e1n manejando formas a las que nosotros no estamos acostumbrados porque hacen una pol\u00edtica que tienen otros c\u00f3digos\u00bb.<\/p>\n<p class=\"p1\" style=\"text-align: justify;\"><span class=\"s1\">Por otra parte, se refiri\u00f3 a los fallos arbitrales que perjudicaron al Rojo y se\u00f1al\u00f3 la poca influencia de la dirigencia: \u00abLe dije al presidente &#8216;Se\u00f1or Moyano, convoque gente que sabemos lo que pasa en AFA, CONMEBOL y el colegio de \u00e1rbitros para poder ayudar a resolver esto&#8217;. Lamentablemente, no nos han llamado. <b>Mi mirada es que nos robaron la Copa Libertadores pasada y la Copa Sudamericana de este a\u00f1o<\/b>\u00ab. Luego agreg\u00f3:\u00a0<\/span>\u00abJugamos con Lan\u00fas en la Copa Argentina e #Independiente eligi\u00f3 a Pitana como \u00e1rbitro. Lo pusieron a \u00e9l y Russo puso los dos jueces de l\u00ednea. Por esto digo que nos tienen que llamar para arreglar cosas en AFA que ellos no se dan cuenta. #Independiente se fue a quejar a la AFA y ah\u00ed le dijeron &#8216;Se\u00f1or Moyano \u00bfA qu\u00e9 \u00e1rbitro quieren que pongamos? <b>Eligieron a Pitana y lo hicieron mal<\/b>\u00ab.<\/p>\n<p class=\"p1\" style=\"text-align: justify;\"><span class=\"s1\">Con respecto a las decisiones y a los manejos de los dirigentes, demand\u00f3: \u00ab<strong>Independiente no es un sindicato<\/strong>. Fueron a ver a Forlan y lo forrearon, a Montenegro tambi\u00e9n. A Trossero ni te cuento. Mis cr\u00edticas son constructivas. Ellos hicieron muchas cosas buenas en el club pero quiero que entiendan que #<strong>Independiente es un club de f\u00fatbol, de la familia<\/strong>\u00ab.<\/span><\/p>\n<p class=\"p1\" style=\"text-align: justify;\"><span class=\"s1\">Luego, cont\u00f3 el motivo por el cual decidi\u00f3 irse del club: \u00abEn el 2001 puse la cara para que #Independiente no se vaya a la B y me cost\u00f3 <b>15 a\u00f1os de exilio<\/b>. Yo crec\u00ed en un club donde me pod\u00eda sentar con Bottaro y decirle lo que pensaba del club. <b>Ahora no te pod\u00e9s ni acercar a la puerta<\/b>. Si yo me quedaba en el club, estando Grondona en AFA, era perjudicar a #Independiente. Por eso prefer\u00ed dar un paso al costado\u00bb.<\/span><\/p>\n<p class=\"p1\" style=\"text-align: justify;\">\u00ab<strong>En toda la historia del f\u00fatbol de #Independiente se compr\u00f3 un defensor por 5 millones de d\u00f3lares para ser suplente<\/strong>. Despu\u00e9s no pod\u00e9s decir que la situaci\u00f3n del pa\u00eds es mala\u00bb, opin\u00f3 Ducatenzeiler acerca de la compra de Alexander Barboza.<\/p>\n<p class=\"p1\" style=\"text-align: justify;\">Para finalizar, dio a conocer su idea acerca de las futuras elecciones y sentenci\u00f3: \u00ab<b>Para m\u00ed, #Independiente se muri\u00f3<\/b>. La \u00fanica manera de que se revalorice y vuelva a la \u00e9poca de Rey de Copas es logrando una unidad.\u00a0<strong>Estoy trabajando para que todas las agrupaciones opositoras y el oficialismo se junten para hacer un solo #Independiente<\/strong>. Hoy el club est\u00e1 privatizado y por eso le pido a estos se\u00f1ores que lo abran a la oposici\u00f3n y dirigentes del oficialismo\u00bb. Y agreg\u00f3:\u00a0\u00abLuis Islas nos vino a presentar un proyecto estructural para ser el director deportivo del club. En todos los sectores hab\u00eda gente que jug\u00f3 ac\u00e1. <strong>Eso es el sentido de pertenencia<\/strong>\u00ab.<\/p>\n<p><iframe loading=\"lazy\" src=\"\/\/radiocut.fm\/audiocut\/embed\/mini\/independiente-andres-ducantenzeiler-en-masrojoradio\/\" width=\"100%\" height=\"65px\" frameborder=\"no\" scrolling=\"no\"><\/iframe><\/p>\n","protected":false},"excerpt":{"rendered":"<div class=\"mh-excerpt\"><p>Andr\u00e9s Ducatenzeiler, ex presidente de Independiente, pas\u00f3 por los micr\u00f3fonos de Mas Rojo y fue muy cr\u00edtico con sus declaraciones acerca de la dirigencia actual. Para comenzar, se mostr\u00f3 molesto por la decisi\u00f3n de expulsar <a class=\"mh-excerpt-more\" href=\"https:\/\/www.masrojo.com.ar\/home\/2019\/11\/26\/andres-ducatenzeiler-el-club-esta-privatizado\/\" title=\"Andr\u00e9s Ducatenzeiler: \u00abEl club est\u00e1 privatizado\u00bb\">[&#8230;]<\/a><\/p>\n<\/div>","protected":false},"author":1,"featured_media":0,"comment_status":"closed","ping_status":"closed","sticky":false,"template":"","format":"audio","meta":{"_jetpack_memberships_contains_paid_content":false,"footnotes":"","jetpack_publicize_message":"","jetpack_publicize_feature_enabled":true,"jetpack_social_post_already_shared":true,"jetpack_social_options":{"image_generator_settings":{"template":"highway","enabled":false},"version":2}},"categories":[4],"tags":[834,833,109,17,832],"class_list":{"0":"post-34920","1":"post","2":"type-post","3":"status-publish","4":"format-audio","6":"category-actualidad","7":"tag-andres-ducatenzeiler","8":"tag-copas","9":"tag-elecciones","10":"tag-independiente","11":"tag-unidad","12":"post_format-post-format-audio"},"jetpack_publicize_connections":[],"jetpack_sharing_enabled":true,"jetpack_featured_media_url":"","jetpack_shortlink":"https:\/\/wp.me\/p90W9F-95e","_links":{"self":[{"href":"https:\/\/www.masrojo.com.ar\/home\/wp-json\/wp\/v2\/posts\/34920"}],"collection":[{"href":"https:\/\/www.masrojo.com.ar\/home\/wp-json\/wp\/v2\/posts"}],"about":[{"href":"https:\/\/www.masrojo.com.ar\/home\/wp-json\/wp\/v2\/types\/post"}],"author":[{"embeddable":true,"href":"https:\/\/www.masrojo.com.ar\/home\/wp-json\/wp\/v2\/users\/1"}],"replies":[{"embeddable":true,"href":"https:\/\/www.masrojo.com.ar\/home\/wp-json\/wp\/v2\/comments?post=34920"}],"version-history":[{"count":0,"href":"https:\/\/www.masrojo.com.ar\/home\/wp-json\/wp\/v2\/posts\/34920\/revisions"}],"wp:attachment":[{"href":"https:\/\/www.masrojo.com.ar\/home\/wp-json\/wp\/v2\/media?parent=34920"}],"wp:term":[{"taxonomy":"category","embeddable":true,"href":"https:\/\/www.masrojo.com.ar\/home\/wp-json\/wp\/v2\/categories?post=34920"},{"taxonomy":"post_tag","embeddable":true,"href":"https:\/\/www.masrojo.com.ar\/home\/wp-json\/wp\/v2\/tags?post=34920"}],"curies":[{"name":"wp","href":"https:\/\/api.w.org\/{rel}","templated":true}]}}