{"id":34930,"date":"2019-11-26T22:55:07","date_gmt":"2019-11-27T01:55:07","guid":{"rendered":"https:\/\/www.masrojo.com.ar\/home\/?p=34930"},"modified":"2019-11-26T22:55:07","modified_gmt":"2019-11-27T01:55:07","slug":"me-gustaria-que-beron-siga-es-un-gran-entrenador","status":"publish","type":"post","link":"https:\/\/www.masrojo.com.ar\/home\/2019\/11\/26\/me-gustaria-que-beron-siga-es-un-gran-entrenador\/","title":{"rendered":"\u00abMe gustar\u00eda que Ber\u00f3n siga, es un gran entrenador\u201d"},"content":{"rendered":"<div dir=\"ltr\" style=\"text-align: justify;\">Gast\u00f3n Silva di\u00e1logo con El Crack Deportivo y se refiri\u00f3 a el club desde la llegada de Fernando Ber\u00f3n, a la eliminaci\u00f3n de la sudamericana Y a su comodidad en el Rojo<\/div>\n<div dir=\"ltr\"><\/div>\n<div dir=\"ltr\" style=\"text-align: justify;\">En el comienzo, el jugador expres\u00f3: \u201cHace m\u00e1s de 15 d\u00edas que no jugamos, se hace larga la espera ya que uno est\u00e1 acostumbrado a jugar seguido. Pero ahora volvemos al ruedo y queremos ganar todo m\u00e1s los pendientes para prendernos en el torneo\u201d, As\u00ed hablaba el uruguayo acerca del parate que tiene independiente y de lo importante que es ganar todos los partidos que quedan para prenderse bien arriba.<\/div>\n<div dir=\"ltr\"><\/div>\n<div dir=\"ltr\" style=\"text-align: justify;\">Respecto al entrenador, el defensor dijo: \u201cDesde que lleg\u00f3 Ber\u00f3n, encontramos confianza y juego. Descomprimi\u00f3 la situaci\u00f3n y nos dio tranquilidad. Me gustar\u00eda que siga, es un gran entrenador\u201d.<\/div>\n<div dir=\"ltr\"><\/div>\n<div dir=\"ltr\" style=\"text-align: justify;\">\u201cNos doli\u00f3 lo de la Sudamericana, era nuestra debilidad. Ve\u00edamos a los equipos que participaban y nos consider\u00e1bamos el m\u00e1s grande. Nos reprochamos mucho al ver los finalistas. A Col\u00f3n le hicimos un gran partido en el torneo y con Del Valle nos complic\u00f3 la altura\u201d, continu\u00f3 el defensor refiri\u00e9ndose a la eliminaci\u00f3n en manos de independiente del valle que luego saldr\u00eda campe\u00f3n.<\/div>\n<div dir=\"ltr\"><\/div>\n<div dir=\"ltr\" style=\"text-align: justify;\">Luego, fue consultado por el ex entrenador del Rey De Copas y declar\u00f3: \u201cNo hay una explicaci\u00f3n para lo que sucedi\u00f3 con Beccacece. Hab\u00eda un gran plantel e hicimos buenos partidos, como tambi\u00e9n muy malos en los que no acompa\u00f1aron los resultados, que es lo que manda en el f\u00fatbol. Haber quedado afuera de dos copas influy\u00f3 bastante. En este club se exige y la gente te lo hace sentir\u00bb.<\/div>\n<div dir=\"ltr\"><\/div>\n<div dir=\"ltr\" style=\"text-align: justify;\">\u201cM\u00e1s all\u00e1 de la situaci\u00f3n econ\u00f3mica del club y el pa\u00eds, uno busca estar feliz y en Independiente lo soy. Soy un agradecido al club y siempre remarqu\u00e9 el gran esfuerzo que hicieron por contratarme. Hoy en d\u00eda, pienso ac\u00e1. Despu\u00e9s veremos que quiere el club y si hay que sentarnos a hablar. En este momento, priorizo jugar y estar c\u00f3modo antes que lo econ\u00f3mico\u201d. Sentenci\u00f3 Gast\u00f3n al hablar de su futuro y remarc\u00f3 lo feliz que es en el Rojo.<\/div>\n<div dir=\"ltr\"><\/div>\n<div dir=\"ltr\"><\/div>\n<p><iframe loading=\"lazy\" width=\"560\" height=\"315\" src=\"https:\/\/www.youtube.com\/embed\/PEDFpS2h7RU\" frameborder=\"0\" allow=\"accelerometer; autoplay; encrypted-media; gyroscope; picture-in-picture\" allowfullscreen><\/iframe><\/p>\n","protected":false},"excerpt":{"rendered":"<div class=\"mh-excerpt\"><p>Gast\u00f3n Silva di\u00e1logo con El Crack Deportivo y se refiri\u00f3 a el club desde la llegada de Fernando Ber\u00f3n, a la eliminaci\u00f3n de la sudamericana Y a su comodidad en el Rojo En el comienzo, <a class=\"mh-excerpt-more\" href=\"https:\/\/www.masrojo.com.ar\/home\/2019\/11\/26\/me-gustaria-que-beron-siga-es-un-gran-entrenador\/\" title=\"\u00abMe gustar\u00eda que Ber\u00f3n siga, es un gran entrenador\u201d\">[&#8230;]<\/a><\/p>\n<\/div>","protected":false},"author":6,"featured_media":0,"comment_status":"closed","ping_status":"closed","sticky":false,"template":"","format":"audio","meta":{"_jetpack_memberships_contains_paid_content":false,"footnotes":"","jetpack_publicize_message":"","jetpack_publicize_feature_enabled":true,"jetpack_social_post_already_shared":true,"jetpack_social_options":{"image_generator_settings":{"template":"highway","enabled":false},"version":2}},"categories":[4],"tags":[],"class_list":{"0":"post-34930","1":"post","2":"type-post","3":"status-publish","4":"format-audio","6":"category-actualidad","7":"post_format-post-format-audio"},"jetpack_publicize_connections":[],"jetpack_sharing_enabled":true,"jetpack_featured_media_url":"","jetpack_shortlink":"https:\/\/wp.me\/p90W9F-95o","_links":{"self":[{"href":"https:\/\/www.masrojo.com.ar\/home\/wp-json\/wp\/v2\/posts\/34930"}],"collection":[{"href":"https:\/\/www.masrojo.com.ar\/home\/wp-json\/wp\/v2\/posts"}],"about":[{"href":"https:\/\/www.masrojo.com.ar\/home\/wp-json\/wp\/v2\/types\/post"}],"author":[{"embeddable":true,"href":"https:\/\/www.masrojo.com.ar\/home\/wp-json\/wp\/v2\/users\/6"}],"replies":[{"embeddable":true,"href":"https:\/\/www.masrojo.com.ar\/home\/wp-json\/wp\/v2\/comments?post=34930"}],"version-history":[{"count":0,"href":"https:\/\/www.masrojo.com.ar\/home\/wp-json\/wp\/v2\/posts\/34930\/revisions"}],"wp:attachment":[{"href":"https:\/\/www.masrojo.com.ar\/home\/wp-json\/wp\/v2\/media?parent=34930"}],"wp:term":[{"taxonomy":"category","embeddable":true,"href":"https:\/\/www.masrojo.com.ar\/home\/wp-json\/wp\/v2\/categories?post=34930"},{"taxonomy":"post_tag","embeddable":true,"href":"https:\/\/www.masrojo.com.ar\/home\/wp-json\/wp\/v2\/tags?post=34930"}],"curies":[{"name":"wp","href":"https:\/\/api.w.org\/{rel}","templated":true}]}}