{"id":34944,"date":"2019-11-26T23:04:27","date_gmt":"2019-11-27T02:04:27","guid":{"rendered":"https:\/\/www.masrojo.com.ar\/home\/?p=34944"},"modified":"2019-11-26T23:11:42","modified_gmt":"2019-11-27T02:11:42","slug":"nos-daban-por-perdidos","status":"publish","type":"post","link":"https:\/\/www.masrojo.com.ar\/home\/2019\/11\/26\/nos-daban-por-perdidos\/","title":{"rendered":"\u201cNos daban por perdidos\u201d"},"content":{"rendered":"<p style=\"text-align: justify;\">Desde que Fernando Ber\u00f3n tom\u00f3 las riendas de Independiente de manera interina, el equipo de Avellaneda sum\u00f3 un empate (Uni\u00f3n) y dos victorias (San Lorenzo y Godoy Cruz) y se ubica a ochos puntos de los l\u00edderes, Boca y Argentinos, aunque con dos encuentros menos.<\/p>\n<p style=\"text-align: justify;\">El Rojo adeuda los partidos ante Newell\u00b4s e Independiente, la racha positiva ilusiona a sus futbolistas y as\u00ed lo reflej\u00f3 en di\u00e1logo con la prensa Nicol\u00e1s Domingo.<\/p>\n<p style=\"text-align: justify;\">\u201cLa tabla de posiciones no nos da margen de error, pero nos daban por perdidos y tenemos tres partidos hasta diciembre\u201d, asegur\u00f3 el mediocampista este martes luego del entrenamiento.<\/p>\n<p style=\"text-align: justify;\">\u00abEstamos en una posici\u00f3n expectante. Hay que ir a ganar a Mar del Plata y seguir. No estamos para proyectar lejos, pero si sumamos antes del 2020 podemos quedar bien y con chances\u201d, asegur\u00f3 Domingo.<\/p>\n<p style=\"text-align: justify;\">En tanto, en cuanto al equipo, Ber\u00f3n todav\u00eda est\u00e1 lejos de confirmarlo aunque es concreta la vuelta de Pablo P\u00e9rez, quien tiene chances de compartir el mediocampo justamente con Domingo.<\/p>\n<p style=\"text-align: justify;\">En tanto, Lucas Romero jug\u00f3 bien en el lateral derecho en el amistoso del fin de semana frente a Temperley y Ber\u00f3n lo tiene como una alternativa.<\/p>\n","protected":false},"excerpt":{"rendered":"<div class=\"mh-excerpt\"><p>Desde que Fernando Ber\u00f3n tom\u00f3 las riendas de Independiente de manera interina, el equipo de Avellaneda sum\u00f3 un empate (Uni\u00f3n) y dos victorias (San Lorenzo y Godoy Cruz) y se ubica a ochos puntos de <a class=\"mh-excerpt-more\" href=\"https:\/\/www.masrojo.com.ar\/home\/2019\/11\/26\/nos-daban-por-perdidos\/\" title=\"\u201cNos daban por perdidos\u201d\">[&#8230;]<\/a><\/p>\n<\/div>","protected":false},"author":6,"featured_media":0,"comment_status":"closed","ping_status":"closed","sticky":false,"template":"","format":"image","meta":{"_jetpack_memberships_contains_paid_content":false,"footnotes":"","jetpack_publicize_message":"","jetpack_publicize_feature_enabled":true,"jetpack_social_post_already_shared":true,"jetpack_social_options":{"image_generator_settings":{"template":"highway","enabled":false},"version":2}},"categories":[4],"tags":[],"class_list":{"0":"post-34944","1":"post","2":"type-post","3":"status-publish","4":"format-image","6":"category-actualidad","7":"post_format-post-format-image"},"jetpack_publicize_connections":[],"jetpack_sharing_enabled":true,"jetpack_featured_media_url":"","jetpack_shortlink":"https:\/\/wp.me\/p90W9F-95C","_links":{"self":[{"href":"https:\/\/www.masrojo.com.ar\/home\/wp-json\/wp\/v2\/posts\/34944"}],"collection":[{"href":"https:\/\/www.masrojo.com.ar\/home\/wp-json\/wp\/v2\/posts"}],"about":[{"href":"https:\/\/www.masrojo.com.ar\/home\/wp-json\/wp\/v2\/types\/post"}],"author":[{"embeddable":true,"href":"https:\/\/www.masrojo.com.ar\/home\/wp-json\/wp\/v2\/users\/6"}],"replies":[{"embeddable":true,"href":"https:\/\/www.masrojo.com.ar\/home\/wp-json\/wp\/v2\/comments?post=34944"}],"version-history":[{"count":0,"href":"https:\/\/www.masrojo.com.ar\/home\/wp-json\/wp\/v2\/posts\/34944\/revisions"}],"wp:attachment":[{"href":"https:\/\/www.masrojo.com.ar\/home\/wp-json\/wp\/v2\/media?parent=34944"}],"wp:term":[{"taxonomy":"category","embeddable":true,"href":"https:\/\/www.masrojo.com.ar\/home\/wp-json\/wp\/v2\/categories?post=34944"},{"taxonomy":"post_tag","embeddable":true,"href":"https:\/\/www.masrojo.com.ar\/home\/wp-json\/wp\/v2\/tags?post=34944"}],"curies":[{"name":"wp","href":"https:\/\/api.w.org\/{rel}","templated":true}]}}