{"id":34959,"date":"2019-11-27T23:01:10","date_gmt":"2019-11-28T02:01:10","guid":{"rendered":"https:\/\/www.masrojo.com.ar\/home\/?p=34959"},"modified":"2019-11-27T23:01:10","modified_gmt":"2019-11-28T02:01:10","slug":"la-reserva-rumbo-a-brasil","status":"publish","type":"post","link":"https:\/\/www.masrojo.com.ar\/home\/2019\/11\/27\/la-reserva-rumbo-a-brasil\/","title":{"rendered":"LA RESERVA RUMBO A BRASIL"},"content":{"rendered":"<h2 style=\"text-align: justify;\"><strong>Marcelo G\u00f3mez<\/strong>\u00a0confirm\u00f3 a los futbolistas que viajar\u00e1n el jueves a Brasil para disputar la Copa Ipiranga.<\/h2>\n<p style=\"text-align: justify;\">El t\u00e9cnico de la Reserva de\u00a0<strong>Independiente<\/strong>\u00a0ya sabe con qu\u00e9 jugadores va a contar para jugar este torneo, en donde el Rojo compartir\u00e1 grupo con\u00a0<strong>Atl\u00e9tico Paranaense<\/strong>,\u00a0<strong>Estudiantes de La Plata<\/strong>,\u00a0<strong>Pe\u00f1arol<\/strong>\u00a0y\u00a0<strong>Fluminense<\/strong>.<\/p>\n<p style=\"text-align: justify;\">La lista completa:<\/p>\n<p style=\"text-align: justify;\"><strong>Arqueros<\/strong>: Renzo Rodr\u00edguez Bacchia y Diego Segovia.<\/p>\n<p style=\"text-align: justify;\"><strong>Defensores<\/strong>: Ezequiel Moschen, Sergio Barreto, Ayrton Costa, Thomas Ortega, Agust\u00edn Bindella, Walter Perea, Mauro Zurita y Leandro Barrera.<\/p>\n<p style=\"text-align: justify;\"><strong>Mediocampistas<\/strong>: Tom\u00e1s Pozzo, Ignacio Medina, Fernando Ch\u00e1vez, Juan Kulak, Facundo Velazco, Ezequiel Soriano y \u00c1ngel Genes.<\/p>\n<p style=\"text-align: justify;\"><strong>Delanteros<\/strong>: Braian Mart\u00ednez, Juan Rom\u00e1n Zarza, Agust\u00edn Lezcano, Juan Freyre y Luciano Villalva.<\/p>\n<p style=\"text-align: justify;\">Los otros equipos argentinos que participar\u00e1n de este torneo, adem\u00e1s de\u00a0<strong>Independiente<\/strong>\u00a0y\u00a0<strong>Estudiantes<\/strong>, ser\u00e1n\u00a0<strong>River<\/strong>,\u00a0<strong>Racing<\/strong>\u00a0y\u00a0<strong>Talleres<\/strong>\u00a0<strong>de C\u00f3rdoba<\/strong>.<\/p>\n","protected":false},"excerpt":{"rendered":"<div class=\"mh-excerpt\"><p>Marcelo G\u00f3mez\u00a0confirm\u00f3 a los futbolistas que viajar\u00e1n el jueves a Brasil para disputar la Copa Ipiranga. El t\u00e9cnico de la Reserva de\u00a0Independiente\u00a0ya sabe con qu\u00e9 jugadores va a contar para jugar este torneo, en donde <a class=\"mh-excerpt-more\" href=\"https:\/\/www.masrojo.com.ar\/home\/2019\/11\/27\/la-reserva-rumbo-a-brasil\/\" title=\"LA RESERVA RUMBO A BRASIL\">[&#8230;]<\/a><\/p>\n<\/div>","protected":false},"author":6,"featured_media":0,"comment_status":"closed","ping_status":"closed","sticky":false,"template":"","format":"image","meta":{"_jetpack_memberships_contains_paid_content":false,"footnotes":"","jetpack_publicize_message":"","jetpack_publicize_feature_enabled":true,"jetpack_social_post_already_shared":true,"jetpack_social_options":{"image_generator_settings":{"template":"highway","enabled":false},"version":2}},"categories":[6],"tags":[],"class_list":{"0":"post-34959","1":"post","2":"type-post","3":"status-publish","4":"format-image","6":"category-reserva","7":"post_format-post-format-image"},"jetpack_publicize_connections":[],"jetpack_sharing_enabled":true,"jetpack_featured_media_url":"","jetpack_shortlink":"https:\/\/wp.me\/p90W9F-95R","_links":{"self":[{"href":"https:\/\/www.masrojo.com.ar\/home\/wp-json\/wp\/v2\/posts\/34959"}],"collection":[{"href":"https:\/\/www.masrojo.com.ar\/home\/wp-json\/wp\/v2\/posts"}],"about":[{"href":"https:\/\/www.masrojo.com.ar\/home\/wp-json\/wp\/v2\/types\/post"}],"author":[{"embeddable":true,"href":"https:\/\/www.masrojo.com.ar\/home\/wp-json\/wp\/v2\/users\/6"}],"replies":[{"embeddable":true,"href":"https:\/\/www.masrojo.com.ar\/home\/wp-json\/wp\/v2\/comments?post=34959"}],"version-history":[{"count":0,"href":"https:\/\/www.masrojo.com.ar\/home\/wp-json\/wp\/v2\/posts\/34959\/revisions"}],"wp:attachment":[{"href":"https:\/\/www.masrojo.com.ar\/home\/wp-json\/wp\/v2\/media?parent=34959"}],"wp:term":[{"taxonomy":"category","embeddable":true,"href":"https:\/\/www.masrojo.com.ar\/home\/wp-json\/wp\/v2\/categories?post=34959"},{"taxonomy":"post_tag","embeddable":true,"href":"https:\/\/www.masrojo.com.ar\/home\/wp-json\/wp\/v2\/tags?post=34959"}],"curies":[{"name":"wp","href":"https:\/\/api.w.org\/{rel}","templated":true}]}}