{"id":34974,"date":"2019-11-27T23:45:30","date_gmt":"2019-11-28T02:45:30","guid":{"rendered":"https:\/\/www.masrojo.com.ar\/home\/?p=34974"},"modified":"2019-11-27T23:45:30","modified_gmt":"2019-11-28T02:45:30","slug":"pablo-esta-muy-comodo-en-el-club","status":"publish","type":"post","link":"https:\/\/www.masrojo.com.ar\/home\/2019\/11\/27\/pablo-esta-muy-comodo-en-el-club\/","title":{"rendered":"\u00abPablo est\u00e1 muy c\u00f3modo en el club\u00bb"},"content":{"rendered":"<p style=\"text-align: justify;\">El representante de Pablo P\u00e9rez habl\u00f3 de los rumores que lo vinculan a su vuelta a Newell\u00b4s<\/p>\n<p style=\"text-align: justify;\"><strong>\u201cPablo est\u00e1 en una situaci\u00f3n deportiva en la que cree que no es el momento para volver a Newell\u2019s. Ya manifest\u00f3 p\u00fablicamente que quiere terminar su carrera en Rosario, pero lo veo muy complicado. En el f\u00fatbol no hay nada dicho, pero por ahora, nadie de Newell\u2019s me llam\u00f3\u201d<\/strong>, explic\u00f3 Jorge Bilicich, quien maneja los destinos del jugador.<\/p>\n<p style=\"text-align: justify;\">Sobre el rumor de un llamado de Maximiliano Rodr\u00edguez para gestar la vuelta de P\u00e9rez a Rosario, su representante fue claro:\u00a0<strong>\u201cNo puedo dar fe de que Maxi lo llamo, s\u00e9 que son amigos. Pero no me meto en ese aspecto. De hecho, no me ha comentado nada. No nos olvidemos que cada seis meses, en Newell\u2019s se nombra siempre a P\u00e9rez. Creo que est\u00e1n un poco confundidas las cosas, la realidad es que nadie se comunic\u00f3 conmigo\u201d<\/strong>.<\/p>\n<p style=\"text-align: justify;\">Si bien los dirigentes planean un recorte de algunos contratos por la dif\u00edcil situaci\u00f3n econ\u00f3mica, Bilicich asegur\u00f3 que el mediocampista se siente a gusto en Avellaneda y que es dif\u00edcil que se vaya en el mercado del verano.\u00a0<strong>\u201cEst\u00e1 muy c\u00f3modo en el club. Tiene contrato hasta junio de 2021 con Independiente\u201d<\/strong>, cerr\u00f3 en charla con<em>\u00a0La Oral Deportiva<\/em>.<\/p>\n","protected":false},"excerpt":{"rendered":"<div class=\"mh-excerpt\"><p>El representante de Pablo P\u00e9rez habl\u00f3 de los rumores que lo vinculan a su vuelta a Newell\u00b4s \u201cPablo est\u00e1 en una situaci\u00f3n deportiva en la que cree que no es el momento para volver a <a class=\"mh-excerpt-more\" href=\"https:\/\/www.masrojo.com.ar\/home\/2019\/11\/27\/pablo-esta-muy-comodo-en-el-club\/\" title=\"\u00abPablo est\u00e1 muy c\u00f3modo en el club\u00bb\">[&#8230;]<\/a><\/p>\n<\/div>","protected":false},"author":6,"featured_media":0,"comment_status":"closed","ping_status":"closed","sticky":false,"template":"","format":"image","meta":{"_jetpack_memberships_contains_paid_content":false,"footnotes":"","jetpack_publicize_message":"","jetpack_publicize_feature_enabled":true,"jetpack_social_post_already_shared":true,"jetpack_social_options":{"image_generator_settings":{"template":"highway","enabled":false},"version":2}},"categories":[4],"tags":[],"class_list":{"0":"post-34974","1":"post","2":"type-post","3":"status-publish","4":"format-image","6":"category-actualidad","7":"post_format-post-format-image"},"jetpack_publicize_connections":[],"jetpack_sharing_enabled":true,"jetpack_featured_media_url":"","jetpack_shortlink":"https:\/\/wp.me\/p90W9F-966","_links":{"self":[{"href":"https:\/\/www.masrojo.com.ar\/home\/wp-json\/wp\/v2\/posts\/34974"}],"collection":[{"href":"https:\/\/www.masrojo.com.ar\/home\/wp-json\/wp\/v2\/posts"}],"about":[{"href":"https:\/\/www.masrojo.com.ar\/home\/wp-json\/wp\/v2\/types\/post"}],"author":[{"embeddable":true,"href":"https:\/\/www.masrojo.com.ar\/home\/wp-json\/wp\/v2\/users\/6"}],"replies":[{"embeddable":true,"href":"https:\/\/www.masrojo.com.ar\/home\/wp-json\/wp\/v2\/comments?post=34974"}],"version-history":[{"count":0,"href":"https:\/\/www.masrojo.com.ar\/home\/wp-json\/wp\/v2\/posts\/34974\/revisions"}],"wp:attachment":[{"href":"https:\/\/www.masrojo.com.ar\/home\/wp-json\/wp\/v2\/media?parent=34974"}],"wp:term":[{"taxonomy":"category","embeddable":true,"href":"https:\/\/www.masrojo.com.ar\/home\/wp-json\/wp\/v2\/categories?post=34974"},{"taxonomy":"post_tag","embeddable":true,"href":"https:\/\/www.masrojo.com.ar\/home\/wp-json\/wp\/v2\/tags?post=34974"}],"curies":[{"name":"wp","href":"https:\/\/api.w.org\/{rel}","templated":true}]}}