{"id":34981,"date":"2019-11-27T23:48:31","date_gmt":"2019-11-28T02:48:31","guid":{"rendered":"https:\/\/www.masrojo.com.ar\/home\/?p=34981"},"modified":"2019-11-27T23:48:31","modified_gmt":"2019-11-28T02:48:31","slug":"tactico-y-definicion-3","status":"publish","type":"post","link":"https:\/\/www.masrojo.com.ar\/home\/2019\/11\/27\/tactico-y-definicion-3\/","title":{"rendered":"T\u00c1CTICO Y DEFINICI\u00d3N"},"content":{"rendered":"<p style=\"text-align: justify;\"><em>El plantel de Independiente sigue con la puesta a punto en Villa Dom\u00ednico, pensando en Aldosivi.<\/em><\/p>\n<p style=\"text-align: justify;\"><em>Este mi\u00e9rcoles por la ma\u00f1ana, los jugadores tuvieron un nuevo entrenamiento enfocados en el duelo del fin de semana en Mar del Plata.\u00a0Arrancaron el d\u00eda con trabajos en el gimnasio, luego realizaron\u00a0ejercicios con pelota en el campo de juego\u00a0y siguieron con\u00a0ejercicios t\u00e1cticos, resoluciones individuales y definici\u00f3n.<\/em><\/p>\n<p style=\"text-align: justify;\"><em>Adem\u00e1s de Pablo Hern\u00e1ndez, quien sigue con la rehabilitaci\u00f3n de su rodilla, tambi\u00e9n\u00a0se movi\u00f3 de manera diferenciada Domingo Blanco. El volante, habitualmente titular, todav\u00eda\u00a0no se recupera de un cuadro de gastroenteritis, ya lleva dos d\u00edas sin poder entrenarse con normalidad y su presencia en La Feliz es una inc\u00f3gnita.<\/em><\/p>\n<p style=\"text-align: justify;\"><em>En cuanto al equipo,\u00a0Fabricio Bustos podr\u00eda regresar al lateral derecho\u00a0tras haber sido suplente en Mendoza y es pr\u00e1cticamente un hecho que\u00a0Pablo P\u00e9rez volver\u00e1 al equipo titular.\u00a0Fernando Ber\u00f3n todav\u00eda tendr\u00e1 tres entrenamientos por delante para definir a los once que visitar\u00e1n al Tibur\u00f3n.<\/em><\/p>\n","protected":false},"excerpt":{"rendered":"<div class=\"mh-excerpt\"><p>El plantel de Independiente sigue con la puesta a punto en Villa Dom\u00ednico, pensando en Aldosivi. Este mi\u00e9rcoles por la ma\u00f1ana, los jugadores tuvieron un nuevo entrenamiento enfocados en el duelo del fin de semana <a class=\"mh-excerpt-more\" href=\"https:\/\/www.masrojo.com.ar\/home\/2019\/11\/27\/tactico-y-definicion-3\/\" title=\"T\u00c1CTICO Y DEFINICI\u00d3N\">[&#8230;]<\/a><\/p>\n<\/div>","protected":false},"author":6,"featured_media":0,"comment_status":"closed","ping_status":"closed","sticky":false,"template":"","format":"image","meta":{"_jetpack_memberships_contains_paid_content":false,"footnotes":"","jetpack_publicize_message":"","jetpack_publicize_feature_enabled":true,"jetpack_social_post_already_shared":true,"jetpack_social_options":{"image_generator_settings":{"template":"highway","enabled":false},"version":2}},"categories":[4],"tags":[],"class_list":{"0":"post-34981","1":"post","2":"type-post","3":"status-publish","4":"format-image","6":"category-actualidad","7":"post_format-post-format-image"},"jetpack_publicize_connections":[],"jetpack_sharing_enabled":true,"jetpack_featured_media_url":"","jetpack_shortlink":"https:\/\/wp.me\/p90W9F-96d","_links":{"self":[{"href":"https:\/\/www.masrojo.com.ar\/home\/wp-json\/wp\/v2\/posts\/34981"}],"collection":[{"href":"https:\/\/www.masrojo.com.ar\/home\/wp-json\/wp\/v2\/posts"}],"about":[{"href":"https:\/\/www.masrojo.com.ar\/home\/wp-json\/wp\/v2\/types\/post"}],"author":[{"embeddable":true,"href":"https:\/\/www.masrojo.com.ar\/home\/wp-json\/wp\/v2\/users\/6"}],"replies":[{"embeddable":true,"href":"https:\/\/www.masrojo.com.ar\/home\/wp-json\/wp\/v2\/comments?post=34981"}],"version-history":[{"count":0,"href":"https:\/\/www.masrojo.com.ar\/home\/wp-json\/wp\/v2\/posts\/34981\/revisions"}],"wp:attachment":[{"href":"https:\/\/www.masrojo.com.ar\/home\/wp-json\/wp\/v2\/media?parent=34981"}],"wp:term":[{"taxonomy":"category","embeddable":true,"href":"https:\/\/www.masrojo.com.ar\/home\/wp-json\/wp\/v2\/categories?post=34981"},{"taxonomy":"post_tag","embeddable":true,"href":"https:\/\/www.masrojo.com.ar\/home\/wp-json\/wp\/v2\/tags?post=34981"}],"curies":[{"name":"wp","href":"https:\/\/api.w.org\/{rel}","templated":true}]}}