{"id":34988,"date":"2019-11-28T12:41:20","date_gmt":"2019-11-28T15:41:20","guid":{"rendered":"https:\/\/www.masrojo.com.ar\/home\/?p=34988"},"modified":"2019-11-28T12:41:20","modified_gmt":"2019-11-28T15:41:20","slug":"pedro-monzon-si-la-dirigencia-no-esta-para-manejar-el-club-que-de-un-paso-al-costado","status":"publish","type":"post","link":"https:\/\/www.masrojo.com.ar\/home\/2019\/11\/28\/pedro-monzon-si-la-dirigencia-no-esta-para-manejar-el-club-que-de-un-paso-al-costado\/","title":{"rendered":"Pedro Monz\u00f3n: \u00abSi la dirigencia no est\u00e1 para manejar el club, que de un paso al costado\u00bb"},"content":{"rendered":"<p><strong>Pedro Monz\u00f3n<\/strong>, ex jugador de Independiente y actual DT de Argentino de Quilmes, dialog\u00f3 con los colegas de <strong><em>Campanas del Infierno\u00a0<\/em><\/strong>sobre la situaci\u00f3n actual del club y sobre la dirigencia.<\/p>\n<p>Con respecto a las decisiones y el mano de la dirigencia fue cr\u00edtico y demand\u00f3: \u201cAl futbolista, gane mucho o poco, <strong>hay que pagarle lo que le corresponde<\/strong>. Si la dirigencia no est\u00e1 para manejar el club, <strong>que de un paso al costado y llegue otra gente<\/strong>. Hace rato que no podemos ganar nada a nivel local y se debe a consecuencias de un mont\u00f3n de cosas que se hicieron. Los dirigentes de antes contrataban entrenadores que armaban sus propios equipos, hoy te los arman los empresarios\u201d<\/p>\n<p>Luego, asegur\u00f3 que los dirigentes tienen poca memoria y que no aceptan consejos: \u201cCreo que <strong>no valoran a los hist\u00f3ricos <\/strong>de Independiente. Hay dirigentes que se olvidan de que, solamente siendo hincha, no te alcanza para armar el equipo. Cuando uno puede hacer algo para ayudarlos, <strong>no te atienden el tel\u00e9fono<\/strong>\u201d. Y agreg\u00f3: \u201cYo conozco desde cuando esta gente empez\u00f3 a trabajar en el club. Los socios se creyeron que \u00edbamos a estar en el para\u00edso y hoy la cosa no es as\u00ed, <strong>todo lo contrario<\/strong>\u201d.<\/p>\n<p>\u201c<strong>Estoy agradecido a Andr\u00e9s Ducatenzeiler<\/strong> porque me dio la oportunidad de dirigir en las inferiores de Independiente\u201d, expres\u00f3 Monz\u00f3n sobre la posibilidad que le brind\u00f3 el ex presidente.<\/p>\n<p>Para finalizar, elogi\u00f3 al actual DT interino y opin\u00f3 acerca de que le falta al club: \u201cNo puede ser que en Independiente no haya cinco o seis jugadores de las inferiores que jueguen como titulares en la Primera Divisi\u00f3n. <strong>Felicito a Fernando Ber\u00f3n<\/strong> porque est\u00e1 haciendo las cosas muy bien y espero que siga as\u00ed\u201d.<\/p>\n<p><iframe loading=\"lazy\" src=\"\/\/radiocut.fm\/audiocut\/embed\/mini\/independiente-pedro-monzon\/\" width=\"100%\" height=\"65px\" frameborder=\"no\" scrolling=\"no\"><\/iframe><\/p>\n","protected":false},"excerpt":{"rendered":"<div class=\"mh-excerpt\"><p>Pedro Monz\u00f3n, ex jugador de Independiente y actual DT de Argentino de Quilmes, dialog\u00f3 con los colegas de Campanas del Infierno\u00a0sobre la situaci\u00f3n actual del club y sobre la dirigencia. Con respecto a las decisiones <a class=\"mh-excerpt-more\" href=\"https:\/\/www.masrojo.com.ar\/home\/2019\/11\/28\/pedro-monzon-si-la-dirigencia-no-esta-para-manejar-el-club-que-de-un-paso-al-costado\/\" title=\"Pedro Monz\u00f3n: \u00abSi la dirigencia no est\u00e1 para manejar el club, que de un paso al costado\u00bb\">[&#8230;]<\/a><\/p>\n<\/div>","protected":false},"author":1,"featured_media":0,"comment_status":"closed","ping_status":"closed","sticky":false,"template":"","format":"audio","meta":{"_jetpack_memberships_contains_paid_content":false,"footnotes":"","jetpack_publicize_message":"","jetpack_publicize_feature_enabled":true,"jetpack_social_post_already_shared":true,"jetpack_social_options":{"image_generator_settings":{"template":"highway","enabled":false},"version":2}},"categories":[4],"tags":[17,111,581],"class_list":{"0":"post-34988","1":"post","2":"type-post","3":"status-publish","4":"format-audio","6":"category-actualidad","7":"tag-independiente","8":"tag-moyano","9":"tag-pedro-monzon","10":"post_format-post-format-audio"},"jetpack_publicize_connections":[],"jetpack_sharing_enabled":true,"jetpack_featured_media_url":"","jetpack_shortlink":"https:\/\/wp.me\/p90W9F-96k","_links":{"self":[{"href":"https:\/\/www.masrojo.com.ar\/home\/wp-json\/wp\/v2\/posts\/34988"}],"collection":[{"href":"https:\/\/www.masrojo.com.ar\/home\/wp-json\/wp\/v2\/posts"}],"about":[{"href":"https:\/\/www.masrojo.com.ar\/home\/wp-json\/wp\/v2\/types\/post"}],"author":[{"embeddable":true,"href":"https:\/\/www.masrojo.com.ar\/home\/wp-json\/wp\/v2\/users\/1"}],"replies":[{"embeddable":true,"href":"https:\/\/www.masrojo.com.ar\/home\/wp-json\/wp\/v2\/comments?post=34988"}],"version-history":[{"count":0,"href":"https:\/\/www.masrojo.com.ar\/home\/wp-json\/wp\/v2\/posts\/34988\/revisions"}],"wp:attachment":[{"href":"https:\/\/www.masrojo.com.ar\/home\/wp-json\/wp\/v2\/media?parent=34988"}],"wp:term":[{"taxonomy":"category","embeddable":true,"href":"https:\/\/www.masrojo.com.ar\/home\/wp-json\/wp\/v2\/categories?post=34988"},{"taxonomy":"post_tag","embeddable":true,"href":"https:\/\/www.masrojo.com.ar\/home\/wp-json\/wp\/v2\/tags?post=34988"}],"curies":[{"name":"wp","href":"https:\/\/api.w.org\/{rel}","templated":true}]}}