{"id":35920,"date":"2020-01-02T21:41:27","date_gmt":"2020-01-03T00:41:27","guid":{"rendered":"https:\/\/www.masrojo.com.ar\/home\/?p=35920"},"modified":"2020-01-02T21:41:27","modified_gmt":"2020-01-03T00:41:27","slug":"primer-lesionado-del-ano","status":"publish","type":"post","link":"https:\/\/www.masrojo.com.ar\/home\/2020\/01\/02\/primer-lesionado-del-ano\/","title":{"rendered":"Primer lesionado del a\u00f1o"},"content":{"rendered":"<p>Durante la pr\u00e1ctica de hoy, en un ejercicio con pelota, <b>Gast\u00f3n Silva<\/b> sufri\u00f3 un fuerte dolor en su tobillo izquierdo por lo que fue atendido por los m\u00e9dicos y finalmente se retir\u00f3 muy dolorido con hielo en la zona.<\/p>\n<p>Luego, el DT Lucas Pusineri inform\u00f3 que <b>va a estar bien y va a llegar a recuperarse<\/b>.<\/p>\n","protected":false},"excerpt":{"rendered":"<div class=\"mh-excerpt\"><p>Durante la pr\u00e1ctica de hoy, en un ejercicio con pelota, Gast\u00f3n Silva sufri\u00f3 un fuerte dolor en su tobillo izquierdo por lo que fue atendido por los m\u00e9dicos y finalmente se retir\u00f3 muy dolorido con <a class=\"mh-excerpt-more\" href=\"https:\/\/www.masrojo.com.ar\/home\/2020\/01\/02\/primer-lesionado-del-ano\/\" title=\"Primer lesionado del a\u00f1o\">[&#8230;]<\/a><\/p>\n<\/div>","protected":false},"author":1,"featured_media":0,"comment_status":"closed","ping_status":"closed","sticky":false,"template":"","format":"standard","meta":{"_jetpack_memberships_contains_paid_content":false,"footnotes":"","jetpack_publicize_message":"","jetpack_publicize_feature_enabled":true,"jetpack_social_post_already_shared":true,"jetpack_social_options":{"image_generator_settings":{"template":"highway","enabled":false},"version":2}},"categories":[4],"tags":[488,853,17,582,854,387,852],"class_list":{"0":"post-35920","1":"post","2":"type-post","3":"status-publish","4":"format-standard","6":"category-actualidad","7":"tag-gaston-silva","8":"tag-hielo","9":"tag-independiente","10":"tag-lesion","11":"tag-medicos","12":"tag-pusineri","13":"tag-tobillo"},"jetpack_publicize_connections":[],"jetpack_sharing_enabled":true,"jetpack_featured_media_url":"","jetpack_shortlink":"https:\/\/wp.me\/p90W9F-9lm","_links":{"self":[{"href":"https:\/\/www.masrojo.com.ar\/home\/wp-json\/wp\/v2\/posts\/35920"}],"collection":[{"href":"https:\/\/www.masrojo.com.ar\/home\/wp-json\/wp\/v2\/posts"}],"about":[{"href":"https:\/\/www.masrojo.com.ar\/home\/wp-json\/wp\/v2\/types\/post"}],"author":[{"embeddable":true,"href":"https:\/\/www.masrojo.com.ar\/home\/wp-json\/wp\/v2\/users\/1"}],"replies":[{"embeddable":true,"href":"https:\/\/www.masrojo.com.ar\/home\/wp-json\/wp\/v2\/comments?post=35920"}],"version-history":[{"count":1,"href":"https:\/\/www.masrojo.com.ar\/home\/wp-json\/wp\/v2\/posts\/35920\/revisions"}],"predecessor-version":[{"id":35922,"href":"https:\/\/www.masrojo.com.ar\/home\/wp-json\/wp\/v2\/posts\/35920\/revisions\/35922"}],"wp:attachment":[{"href":"https:\/\/www.masrojo.com.ar\/home\/wp-json\/wp\/v2\/media?parent=35920"}],"wp:term":[{"taxonomy":"category","embeddable":true,"href":"https:\/\/www.masrojo.com.ar\/home\/wp-json\/wp\/v2\/categories?post=35920"},{"taxonomy":"post_tag","embeddable":true,"href":"https:\/\/www.masrojo.com.ar\/home\/wp-json\/wp\/v2\/tags?post=35920"}],"curies":[{"name":"wp","href":"https:\/\/api.w.org\/{rel}","templated":true}]}}