{"id":36168,"date":"2020-01-10T17:50:34","date_gmt":"2020-01-10T20:50:34","guid":{"rendered":"https:\/\/www.masrojo.com.ar\/home\/?p=36168"},"modified":"2020-01-10T17:50:34","modified_gmt":"2020-01-10T20:50:34","slug":"leandro-fernandez-estoy-contento-de-volver-al-club-y-con-muchas-ganas","status":"publish","type":"post","link":"https:\/\/www.masrojo.com.ar\/home\/2020\/01\/10\/leandro-fernandez-estoy-contento-de-volver-al-club-y-con-muchas-ganas\/","title":{"rendered":"Leandro Fern\u00e1ndez: \u00abEstoy contento de volver al club y con muchas ganas\u00bb"},"content":{"rendered":"<p><strong>Leandro Fern\u00e1ndez<\/strong>, luego de volver de su pr\u00e9stamo en <strong>V\u00e9lez<\/strong>, dialog\u00f3 con los colegas de Fox Sports Radio donde analiz\u00f3 su paso por el Fort\u00edn y comento sus expectativas para esta temporada con el <strong>Rojo<\/strong>.<\/p>\n<p>\u00abEstoy <strong>contento<\/strong> de volver al club y con<strong> muchas ganas<\/strong>. Hay t\u00e9cnico nuevo y se renuevan las expectativas\u00bb, expres\u00f3 el delantero. Y con respecto a su paso por V\u00e9lez y la manera de trabajar de <strong>Gabriel Heinze<\/strong>, destac\u00f3: \u00abV\u00e9lez me dej\u00f3 muchas cosas. Me recibieron y trataron muy bien todos, fue un <strong>a\u00f1o muy lindo<\/strong>. El equipo del Gringo\u00a0entrena como juega, muy din\u00e1mico, con presi\u00f3n alta, y despu\u00e9s eso <strong>se refleja en los partidos<\/strong>\u00ab.<\/p>\n<p>Con respecto a los <strong>malos resultados<\/strong>, el <strong>enojo<\/strong> de la gente y la <strong>uni\u00f3n<\/strong> del grupo, declar\u00f3: \u00abEl hincha de Independiente es muy <strong>exigente<\/strong>, est\u00e1 acostumbrado a que el club est\u00e9 arriba y por eso hay que tratar de unirnos y<strong> sacar adelante<\/strong> los partidos que tenemos. <strong>El grupo est\u00e1 armado<\/strong>. Brian (Romero) y yo que fuimos los que volvimos conocemos a la mayor\u00eda. Me gusta organizar juntadas en mi casa y lo voy a volver a hacer. Tenemos que tratar de sacar adelante esta situaci\u00f3n todos juntos y <strong>lograr resultados<\/strong>, porque son los que <strong>mandan<\/strong>\u00ab.<\/p>\n<p>Para finalizar, resalt\u00f3 el gran momento que atraviesa <strong>Silvio Romero<\/strong> y manifest\u00f3 sus ganas de sumar minutos en el equipo titular: \u00abEl Chino tiene m\u00e1s porte para ser 9, est\u00e1 en una buena racha y hay que aprovecharlo. <strong>Yo quiero jugar<\/strong>, volver a sentirme importante y <strong>volver a ser parte de Independiente<\/strong>, as\u00ed que donde me toque voy a tratar de hacer lo mejor posible. Si hay algo que me caracteriza es siempre <strong>tratar de remarla y nunca bajar los brazos<\/strong>. No voy a negar que me fastidia no jugar, pero hay que estar preparado para todo, saber esperar y respetar al compa\u00f1ero que est\u00e1 en tu lugar\u00bb.<\/p>\n<blockquote class=\"twitter-tweet\">\n<p dir=\"ltr\" lang=\"es\">\u00abFUE UN A\u00d1O MUY LINDO EN V\u00c9LEZ\u00bb<a href=\"https:\/\/twitter.com\/hashtag\/FOXRadio?src=hash&amp;ref_src=twsrc%5Etfw\">#FOXRadio<\/a> | Leandro Fern\u00e1ndez analiz\u00f3 su paso por el Fort\u00edn y la metodolog\u00eda de Heinze. <a href=\"https:\/\/t.co\/0g9sUv8khJ\">pic.twitter.com\/0g9sUv8khJ<\/a><\/p>\n<p>\u2014 FOX Sports Argentina (@FOXSportsArg) <a href=\"https:\/\/twitter.com\/FOXSportsArg\/status\/1215410463137325058?ref_src=twsrc%5Etfw\">January 9, 2020<\/a><\/p><\/blockquote>\n<p><script async src=\"https:\/\/platform.twitter.com\/widgets.js\" charset=\"utf-8\"><\/script><\/p>\n<blockquote class=\"twitter-tweet\">\n<p dir=\"ltr\" lang=\"es\">\u00abHAY QUE AGARRAR R\u00c1PIDO LA IDEA DEL NUEVO CUERPO T\u00c9CNICO\u00bb<a href=\"https:\/\/twitter.com\/hashtag\/FOXRadio?src=hash&amp;ref_src=twsrc%5Etfw\">#FOXRadio<\/a> | Leandro Fern\u00e1ndez se refiri\u00f3 a su regreso a Independiente y sus ganas de volver a sentirse importante con la camiseta del Rojo. <a href=\"https:\/\/t.co\/KqTckP32I0\">pic.twitter.com\/KqTckP32I0<\/a><\/p>\n<p>\u2014 FOX Sports Argentina (@FOXSportsArg) <a href=\"https:\/\/twitter.com\/FOXSportsArg\/status\/1215411898197385219?ref_src=twsrc%5Etfw\">January 9, 2020<\/a><\/p><\/blockquote>\n<p><script async src=\"https:\/\/platform.twitter.com\/widgets.js\" charset=\"utf-8\"><\/script><\/p>\n<blockquote class=\"twitter-tweet\">\n<p dir=\"ltr\" lang=\"es\">\u00abNO TENGO RENCOR CON HOLAN\u00bb<a href=\"https:\/\/twitter.com\/hashtag\/FOXRadio?src=hash&amp;ref_src=twsrc%5Etfw\">#FOXRadio<\/a> | Leandro Fern\u00e1ndez aclar\u00f3 que no le qued\u00f3 ninguna bronca con el ex entrenador de Independiente y que su caracter\u00edstica es \u00absiempre remarla y nunca bajar los brazos\u00bb. <a href=\"https:\/\/t.co\/nFgu5bheeh\">pic.twitter.com\/nFgu5bheeh<\/a><\/p>\n<p>\u2014 FOX Sports Argentina (@FOXSportsArg) <a href=\"https:\/\/twitter.com\/FOXSportsArg\/status\/1215412724466888704?ref_src=twsrc%5Etfw\">January 9, 2020<\/a><\/p><\/blockquote>\n<p><script async src=\"https:\/\/platform.twitter.com\/widgets.js\" charset=\"utf-8\"><\/script><\/p>\n","protected":false},"excerpt":{"rendered":"<div class=\"mh-excerpt\"><p>Leandro Fern\u00e1ndez, luego de volver de su pr\u00e9stamo en V\u00e9lez, dialog\u00f3 con los colegas de Fox Sports Radio donde analiz\u00f3 su paso por el Fort\u00edn y comento sus expectativas para esta temporada con el Rojo. <a class=\"mh-excerpt-more\" href=\"https:\/\/www.masrojo.com.ar\/home\/2020\/01\/10\/leandro-fernandez-estoy-contento-de-volver-al-club-y-con-muchas-ganas\/\" title=\"Leandro Fern\u00e1ndez: \u00abEstoy contento de volver al club y con muchas ganas\u00bb\">[&#8230;]<\/a><\/p>\n<\/div>","protected":false},"author":1,"featured_media":0,"comment_status":"closed","ping_status":"closed","sticky":false,"template":"","format":"video","meta":{"_jetpack_memberships_contains_paid_content":false,"footnotes":"","jetpack_publicize_message":"","jetpack_publicize_feature_enabled":true,"jetpack_social_post_already_shared":true,"jetpack_social_options":{"image_generator_settings":{"template":"highway","enabled":false},"version":2}},"categories":[4],"tags":[862,781,863,861,23,17,227,387,237,69],"class_list":{"0":"post-36168","1":"post","2":"type-post","3":"status-publish","4":"format-video","6":"category-actualidad","7":"tag-brian-romero","8":"tag-chino","9":"tag-fox-sports","10":"tag-heinze","11":"tag-holan","12":"tag-independiente","13":"tag-leandro-fernandez","14":"tag-pusineri","15":"tag-silvio-romero","16":"tag-velez","17":"post_format-post-format-video"},"jetpack_publicize_connections":[],"jetpack_sharing_enabled":true,"jetpack_featured_media_url":"","jetpack_shortlink":"https:\/\/wp.me\/p90W9F-9pm","_links":{"self":[{"href":"https:\/\/www.masrojo.com.ar\/home\/wp-json\/wp\/v2\/posts\/36168"}],"collection":[{"href":"https:\/\/www.masrojo.com.ar\/home\/wp-json\/wp\/v2\/posts"}],"about":[{"href":"https:\/\/www.masrojo.com.ar\/home\/wp-json\/wp\/v2\/types\/post"}],"author":[{"embeddable":true,"href":"https:\/\/www.masrojo.com.ar\/home\/wp-json\/wp\/v2\/users\/1"}],"replies":[{"embeddable":true,"href":"https:\/\/www.masrojo.com.ar\/home\/wp-json\/wp\/v2\/comments?post=36168"}],"version-history":[{"count":2,"href":"https:\/\/www.masrojo.com.ar\/home\/wp-json\/wp\/v2\/posts\/36168\/revisions"}],"predecessor-version":[{"id":36171,"href":"https:\/\/www.masrojo.com.ar\/home\/wp-json\/wp\/v2\/posts\/36168\/revisions\/36171"}],"wp:attachment":[{"href":"https:\/\/www.masrojo.com.ar\/home\/wp-json\/wp\/v2\/media?parent=36168"}],"wp:term":[{"taxonomy":"category","embeddable":true,"href":"https:\/\/www.masrojo.com.ar\/home\/wp-json\/wp\/v2\/categories?post=36168"},{"taxonomy":"post_tag","embeddable":true,"href":"https:\/\/www.masrojo.com.ar\/home\/wp-json\/wp\/v2\/tags?post=36168"}],"curies":[{"name":"wp","href":"https:\/\/api.w.org\/{rel}","templated":true}]}}