{"id":36177,"date":"2020-01-10T18:11:04","date_gmt":"2020-01-10T21:11:04","guid":{"rendered":"https:\/\/www.masrojo.com.ar\/home\/?p=36177"},"modified":"2020-01-10T18:11:04","modified_gmt":"2020-01-10T21:11:04","slug":"mejora-del-contrato-de-gaston-togni","status":"publish","type":"post","link":"https:\/\/www.masrojo.com.ar\/home\/2020\/01\/10\/mejora-del-contrato-de-gaston-togni\/","title":{"rendered":"Mejora del contrato de Gast\u00f3n Togni"},"content":{"rendered":"<p><span class=\"css-901oao css-16my406 r-1qd0xha r-vw2c0b r-ad9z0x r-bcqeeo r-qvutc0\"><strong>Gast\u00f3n Togni<\/strong>, quien viene de disputar minutos en el \u00faltimo amistoso de la <strong>Selecci\u00f3n Sub 23<\/strong>,<\/span><span class=\"css-901oao css-16my406 r-1qd0xha r-ad9z0x r-bcqeeo r-qvutc0\"> firm\u00f3 este jueves una actualizaci\u00f3n de su contrato con una <strong>mejora salarial<\/strong>. Su v\u00ednculo con el club permanece hasta <strong>junio de 2023<\/strong> y continuar\u00e1 con una cl\u00e1usula de rescisi\u00f3n de <strong>U$S 20.000.000<\/strong>.<\/span><\/p>\n","protected":false},"excerpt":{"rendered":"<div class=\"mh-excerpt\"><p>Gast\u00f3n Togni, quien viene de disputar minutos en el \u00faltimo amistoso de la Selecci\u00f3n Sub 23, firm\u00f3 este jueves una actualizaci\u00f3n de su contrato con una mejora salarial. Su v\u00ednculo con el club permanece hasta <a class=\"mh-excerpt-more\" href=\"https:\/\/www.masrojo.com.ar\/home\/2020\/01\/10\/mejora-del-contrato-de-gaston-togni\/\" title=\"Mejora del contrato de Gast\u00f3n Togni\">[&#8230;]<\/a><\/p>\n<\/div>","protected":false},"author":1,"featured_media":0,"comment_status":"closed","ping_status":"closed","sticky":false,"template":"","format":"standard","meta":{"_jetpack_memberships_contains_paid_content":false,"footnotes":"","jetpack_publicize_message":"","jetpack_publicize_feature_enabled":true,"jetpack_social_post_already_shared":true,"jetpack_social_options":{"image_generator_settings":{"template":"highway","enabled":false},"version":2}},"categories":[4],"tags":[483,17,864,256],"class_list":{"0":"post-36177","1":"post","2":"type-post","3":"status-publish","4":"format-standard","6":"category-actualidad","7":"tag-contrato","8":"tag-independiente","9":"tag-mejora-salarial","10":"tag-togni"},"jetpack_publicize_connections":[],"jetpack_sharing_enabled":true,"jetpack_featured_media_url":"","jetpack_shortlink":"https:\/\/wp.me\/p90W9F-9pv","_links":{"self":[{"href":"https:\/\/www.masrojo.com.ar\/home\/wp-json\/wp\/v2\/posts\/36177"}],"collection":[{"href":"https:\/\/www.masrojo.com.ar\/home\/wp-json\/wp\/v2\/posts"}],"about":[{"href":"https:\/\/www.masrojo.com.ar\/home\/wp-json\/wp\/v2\/types\/post"}],"author":[{"embeddable":true,"href":"https:\/\/www.masrojo.com.ar\/home\/wp-json\/wp\/v2\/users\/1"}],"replies":[{"embeddable":true,"href":"https:\/\/www.masrojo.com.ar\/home\/wp-json\/wp\/v2\/comments?post=36177"}],"version-history":[{"count":1,"href":"https:\/\/www.masrojo.com.ar\/home\/wp-json\/wp\/v2\/posts\/36177\/revisions"}],"predecessor-version":[{"id":36179,"href":"https:\/\/www.masrojo.com.ar\/home\/wp-json\/wp\/v2\/posts\/36177\/revisions\/36179"}],"wp:attachment":[{"href":"https:\/\/www.masrojo.com.ar\/home\/wp-json\/wp\/v2\/media?parent=36177"}],"wp:term":[{"taxonomy":"category","embeddable":true,"href":"https:\/\/www.masrojo.com.ar\/home\/wp-json\/wp\/v2\/categories?post=36177"},{"taxonomy":"post_tag","embeddable":true,"href":"https:\/\/www.masrojo.com.ar\/home\/wp-json\/wp\/v2\/tags?post=36177"}],"curies":[{"name":"wp","href":"https:\/\/api.w.org\/{rel}","templated":true}]}}