{"id":36186,"date":"2020-01-11T19:52:23","date_gmt":"2020-01-11T22:52:23","guid":{"rendered":"https:\/\/www.masrojo.com.ar\/home\/?p=36186"},"modified":"2020-01-11T19:52:23","modified_gmt":"2020-01-11T22:52:23","slug":"guillermo-burdisso-vuelve-al-futbol","status":"publish","type":"post","link":"https:\/\/www.masrojo.com.ar\/home\/2020\/01\/11\/guillermo-burdisso-vuelve-al-futbol\/","title":{"rendered":"Guillermo Burdisso vuelve al f\u00fatbol"},"content":{"rendered":"<p><strong>Guillermo Burdisso<\/strong>, ex Independiente, vuelve al f\u00fatbol luego de estar un semestre parado por una <strong>arritmia que ten\u00eda en el coraz\u00f3n<\/strong> y es nuevo refuerzo de <strong>Lan\u00fas<\/strong>.<\/p>\n<p>El defensor de 31 a\u00f1os <strong>hizo su debut con la camiseta del Rojo en la Suruga Bank y conquist\u00f3 la 18va en Jap\u00f3n<\/strong>. Durante la temporada disput\u00f3 26 partidos, marc\u00f3 un solo gol (en la victoria 4-0 frente a Atlas por Copa Argentina) y recibi\u00f3 6 amarillas.<\/p>\n<p>Tras su paso por el Rey de Copas, estuvo cerca de firmar con <strong>San Lorenzo<\/strong> en junio de 2019. Sin embargo, en el momento de hacer la revisi\u00f3n m\u00e9dica, se detect\u00f3 este problema card\u00edaco que lo oblig\u00f3 a alejarse de las canchas por un tiempo.<\/p>\n<p>Desde <strong>#MasRojo<\/strong> le deseamos mucha suerte en su regreso!<\/p>\n<blockquote class=\"twitter-tweet\">\n<p dir=\"ltr\" lang=\"es\">OFICIAL: Guillermo Burdisso es nuestro segundo refuerzo en este mercado.<\/p>\n<p>Super\u00f3 los ex\u00e1menes m\u00e9dicos y firm\u00f3 su contrato &#x1f449; <a href=\"https:\/\/t.co\/86IIQ0MJnB\">https:\/\/t.co\/86IIQ0MJnB<\/a><a href=\"https:\/\/twitter.com\/hashtag\/SiempreGranate?src=hash&amp;ref_src=twsrc%5Etfw\">#SiempreGranate<\/a> &#x1f1f1;&#x1f1fb; <a href=\"https:\/\/t.co\/5Wa7bTIacJ\">pic.twitter.com\/5Wa7bTIacJ<\/a><\/p>\n<p>\u2014 Club Atl\u00e9tico Lan\u00fas (@clublanus) <a href=\"https:\/\/twitter.com\/clublanus\/status\/1215954925357846528?ref_src=twsrc%5Etfw\">January 11, 2020<\/a><\/p><\/blockquote>\n<p><script async src=\"https:\/\/platform.twitter.com\/widgets.js\" charset=\"utf-8\"><\/script><\/p>\n","protected":false},"excerpt":{"rendered":"<div class=\"mh-excerpt\"><p>Guillermo Burdisso, ex Independiente, vuelve al f\u00fatbol luego de estar un semestre parado por una arritmia que ten\u00eda en el coraz\u00f3n y es nuevo refuerzo de Lan\u00fas. El defensor de 31 a\u00f1os hizo su debut <a class=\"mh-excerpt-more\" href=\"https:\/\/www.masrojo.com.ar\/home\/2020\/01\/11\/guillermo-burdisso-vuelve-al-futbol\/\" title=\"Guillermo Burdisso vuelve al f\u00fatbol\">[&#8230;]<\/a><\/p>\n<\/div>","protected":false},"author":1,"featured_media":0,"comment_status":"closed","ping_status":"closed","sticky":false,"template":"","format":"standard","meta":{"_jetpack_memberships_contains_paid_content":false,"footnotes":"","jetpack_publicize_message":"","jetpack_publicize_feature_enabled":true,"jetpack_social_post_already_shared":true,"jetpack_social_options":{"image_generator_settings":{"template":"highway","enabled":false},"version":2}},"categories":[4],"tags":[868,866,467,867,865,17,60,52,497],"class_list":{"0":"post-36186","1":"post","2":"type-post","3":"status-publish","4":"format-standard","6":"category-actualidad","7":"tag-868","8":"tag-arritmia","9":"tag-burdisso","10":"tag-cardiaco","11":"tag-guillermo","12":"tag-independiente","13":"tag-lanus","14":"tag-san-lorenzo","15":"tag-suruga-bank"},"jetpack_publicize_connections":[],"jetpack_sharing_enabled":true,"jetpack_featured_media_url":"","jetpack_shortlink":"https:\/\/wp.me\/p90W9F-9pE","_links":{"self":[{"href":"https:\/\/www.masrojo.com.ar\/home\/wp-json\/wp\/v2\/posts\/36186"}],"collection":[{"href":"https:\/\/www.masrojo.com.ar\/home\/wp-json\/wp\/v2\/posts"}],"about":[{"href":"https:\/\/www.masrojo.com.ar\/home\/wp-json\/wp\/v2\/types\/post"}],"author":[{"embeddable":true,"href":"https:\/\/www.masrojo.com.ar\/home\/wp-json\/wp\/v2\/users\/1"}],"replies":[{"embeddable":true,"href":"https:\/\/www.masrojo.com.ar\/home\/wp-json\/wp\/v2\/comments?post=36186"}],"version-history":[{"count":1,"href":"https:\/\/www.masrojo.com.ar\/home\/wp-json\/wp\/v2\/posts\/36186\/revisions"}],"predecessor-version":[{"id":36188,"href":"https:\/\/www.masrojo.com.ar\/home\/wp-json\/wp\/v2\/posts\/36186\/revisions\/36188"}],"wp:attachment":[{"href":"https:\/\/www.masrojo.com.ar\/home\/wp-json\/wp\/v2\/media?parent=36186"}],"wp:term":[{"taxonomy":"category","embeddable":true,"href":"https:\/\/www.masrojo.com.ar\/home\/wp-json\/wp\/v2\/categories?post=36186"},{"taxonomy":"post_tag","embeddable":true,"href":"https:\/\/www.masrojo.com.ar\/home\/wp-json\/wp\/v2\/tags?post=36186"}],"curies":[{"name":"wp","href":"https:\/\/api.w.org\/{rel}","templated":true}]}}