{"id":36203,"date":"2020-01-11T21:25:11","date_gmt":"2020-01-12T00:25:11","guid":{"rendered":"https:\/\/www.masrojo.com.ar\/home\/?p=36203"},"modified":"2020-01-11T21:25:11","modified_gmt":"2020-01-12T00:25:11","slug":"primer-amistoso-del-ano","status":"publish","type":"post","link":"https:\/\/www.masrojo.com.ar\/home\/2020\/01\/11\/primer-amistoso-del-ano\/","title":{"rendered":"Primer amistoso del a\u00f1o"},"content":{"rendered":"<p>El primer equipo de #Independiente contin\u00faa con los entrenamientos de la pretemporada en Villa Dom\u00ednico, al mando de <b>Lucas Pusineri,\u00a0<\/b>y hoy llev\u00f3 a cabo el \u00faltimo previo al amistoso ante <strong>Douglas Haig<\/strong>.<\/p>\n<p>Durante el primer turno, los jugadores realizaron <strong>ejercicios f\u00edsicos de resistencia, potencia, reacci\u00f3n y velocidad<\/strong> y finalizaron con\u00a0<strong>trabajos t\u00e1cticos (variantes de la pelota detenida)<\/strong>. El segundo turno lo iniciaron con <strong>trabajos de neurociencia<\/strong> en campo y <strong>movimientos con pelota en espacios reducidos.\u00a0<\/strong><strong>Pablo Hern\u00e1ndez<\/strong>\u00a0fue el \u00fanico diferenciado y sigue con rehabilitaci\u00f3n deportiva.<\/p>\n<p>Los futbolistas quedaron concentrados en el <strong>Hotel Scala,\u00a0<\/strong>para disputar ma\u00f1ana a las 9.30 una pr\u00e1ctica de f\u00fatbol ante <strong>Douglas Haig de Pergamino <\/strong>en el <strong>E<\/strong><strong>stadio Libertadores de Am\u00e9rica <\/strong>a puertas <strong>cerradas<\/strong>. En principio, el partido iba a ser frente a <strong>Atl\u00e9tico Venezuela<\/strong>, pero por problemas de log\u00edstica no se pudo llevar a cabo.<\/p>\n","protected":false},"excerpt":{"rendered":"<div class=\"mh-excerpt\"><p>El primer equipo de #Independiente contin\u00faa con los entrenamientos de la pretemporada en Villa Dom\u00ednico, al mando de Lucas Pusineri,\u00a0y hoy llev\u00f3 a cabo el \u00faltimo previo al amistoso ante Douglas Haig. Durante el primer <a class=\"mh-excerpt-more\" href=\"https:\/\/www.masrojo.com.ar\/home\/2020\/01\/11\/primer-amistoso-del-ano\/\" title=\"Primer amistoso del a\u00f1o\">[&#8230;]<\/a><\/p>\n<\/div>","protected":false},"author":1,"featured_media":0,"comment_status":"closed","ping_status":"closed","sticky":false,"template":"","format":"standard","meta":{"_jetpack_memberships_contains_paid_content":false,"footnotes":"","jetpack_publicize_message":"","jetpack_publicize_feature_enabled":true,"jetpack_social_post_already_shared":true,"jetpack_social_options":{"image_generator_settings":{"template":"highway","enabled":false},"version":2}},"categories":[4],"tags":[53,871,27,17,122,201,47],"class_list":{"0":"post-36203","1":"post","2":"type-post","3":"status-publish","4":"format-standard","6":"category-actualidad","7":"tag-amistoso","8":"tag-douglas-haig","9":"tag-entrenamiento","10":"tag-independiente","11":"tag-libertadores-de-america","12":"tag-pretemporada","13":"tag-villa-dominico"},"jetpack_publicize_connections":[],"jetpack_sharing_enabled":true,"jetpack_featured_media_url":"","jetpack_shortlink":"https:\/\/wp.me\/p90W9F-9pV","_links":{"self":[{"href":"https:\/\/www.masrojo.com.ar\/home\/wp-json\/wp\/v2\/posts\/36203"}],"collection":[{"href":"https:\/\/www.masrojo.com.ar\/home\/wp-json\/wp\/v2\/posts"}],"about":[{"href":"https:\/\/www.masrojo.com.ar\/home\/wp-json\/wp\/v2\/types\/post"}],"author":[{"embeddable":true,"href":"https:\/\/www.masrojo.com.ar\/home\/wp-json\/wp\/v2\/users\/1"}],"replies":[{"embeddable":true,"href":"https:\/\/www.masrojo.com.ar\/home\/wp-json\/wp\/v2\/comments?post=36203"}],"version-history":[{"count":3,"href":"https:\/\/www.masrojo.com.ar\/home\/wp-json\/wp\/v2\/posts\/36203\/revisions"}],"predecessor-version":[{"id":36212,"href":"https:\/\/www.masrojo.com.ar\/home\/wp-json\/wp\/v2\/posts\/36203\/revisions\/36212"}],"wp:attachment":[{"href":"https:\/\/www.masrojo.com.ar\/home\/wp-json\/wp\/v2\/media?parent=36203"}],"wp:term":[{"taxonomy":"category","embeddable":true,"href":"https:\/\/www.masrojo.com.ar\/home\/wp-json\/wp\/v2\/categories?post=36203"},{"taxonomy":"post_tag","embeddable":true,"href":"https:\/\/www.masrojo.com.ar\/home\/wp-json\/wp\/v2\/tags?post=36203"}],"curies":[{"name":"wp","href":"https:\/\/api.w.org\/{rel}","templated":true}]}}